{"id":118983,"date":"2025-11-24T12:03:42","date_gmt":"2025-11-24T12:03:42","guid":{"rendered":"https:\/\/rjecnik.hr\/mreznik\/biti\/"},"modified":"2025-11-24T14:53:24","modified_gmt":"2025-11-24T13:53:24","slug":"biti","status":"publish","type":"post","link":"https:\/\/rjecnik.hr\/mreznik\/biti\/","title":{"rendered":"biti"},"content":{"rendered":"<p align=\"justify\" style=\"margin:20pt 0pt 0pt 5pt;text-indent:-5pt;\"><span class=\"Lemma\"> <span class=\"Lemma__Naglaseno\">b\u0209ti <\/span><span class=\"Lemma__LemmaSign\">biti<\/span> <span class=\"Lemma__zvuk\"> <a href=\"https:\/\/rjecnik.hr\/mreznik\/wp-content\/uploads\/2021\/mreznik_mediji\/biti.mp3\"><img loading=\"lazy\" decoding=\"async\" border=\"0\" height=\"14\" src=\"https:\/\/rjecnik.hr\/mreznik\/wp-content\/uploads\/2021\/05\/Speaker-4.gif\" width=\"16\"\/><\/a><\/span> <span class=\"Lemma__vrsta_rijeci\">gl. dvov. neprijel.<\/span><span class=\"Gramaticki_blok\"><span class=\"Oblici\"> (<span class=\"Oblici__naglaseni\"><i>prez. jd. 1. l.<\/i> j\u00e8sam\/sam\/b\u0215d\u0113m,<i> 2. l. <\/i>j\u00e8si\/si\/b\u0215d\u0113\u0161, <i>3. l.<\/i> j\u0205st\/je\/b\u0215d\u0113, <i>mn.<\/i> <i>1. l.<\/i> j\u00e8smo\/smo\/b\u0215d\u0113mo, <i>2. l.<\/i> j\u00e8ste\/ste\/b\u0215d\u0113te, <i>3. l.<\/i> j\u00e8su\/su\/b\u0215d\u016b; <i>imp.<\/i> b\u0215di; <i>aor.<\/i> b\u0209h\/bj\u0205h; <i>imperf.<\/i> b\u0209j\u0101h; <i>prid. r. m<\/i>. b\u0209o, <i>\u017e.<\/i> b\u00edla, <i>s.<\/i> b\u020blo;<i> pril. s<\/i>. b\u0215d\u016b\u0107i; <i>pril. p.<\/i> b\u020bv\u0161i<\/span>)<\/span><\/span><\/span><\/p>\n<p align=\"justify\" style=\"margin:0pt;\"><span class=\"Sense\"> <span class=\"Sense__SenseNumber\">1<\/span> <span class=\"Definicija\"><span class=\"Definicija__definicija\"> Biti je pomo\u0107ni glagol koji slu\u017ei u tvorbi perfekta, pluskvamperfekta, kondicionala i futura II. <\/span><\/span><span class=\"primjeri\"> <span class=\"Primjer\"\/><\/span><\/span><\/p>\n<p align=\"justify\" style=\"margin:0pt;\"><span class=\"Primjer__Primjer\"> &#8211; Kao dijete uvijek sam se osje\u0107ala vrlo sigurnom i za\u0161ti\u0107enom, bila sam zbrinuta i voljena.<\/span><\/p>\n<p> <span class=\"Primjer\"\/> <\/p>\n<p align=\"justify\" style=\"margin:0pt;\"><span class=\"Primjer__Primjer\"> &#8211; Bio sam se po\u010deo privikavati na njega kad je morao oti\u0107i.<\/span><\/p>\n<p> <span class=\"Primjer\"\/> <\/p>\n<p align=\"justify\" style=\"margin:0pt;\"><span class=\"Primjer__Primjer\"> &#8211; Budite zahvalni da jo\u0161 uvijek nemate sve \u0161to \u017eelite jer \u010demu biste se onda radovali?<\/span><\/p>\n<p> <span class=\"Primjer\"\/> <\/p>\n<p align=\"justify\" style=\"margin:0pt;\"><span class=\"Primjer__Primjer\"> &#8211; Kad budete prolazili Peja\u010devi\u0107evom ulicom, slobodno pogledajte kako se otpad mo\u017ee kreativno reciklirati nekoliko puta. <\/span><\/p>\n<p align=\"justify\" style=\"margin:0pt;\"><span class=\"Sense\"> <span class=\"Sense__SenseNumber\">2<\/span> <span class=\"Sense__ograda\">(nesvr\u0161.)<\/span><span class=\"Definicija\"><span class=\"Definicija__definicija\"> Biti zna\u010di postojati ili \u017eivjeti.<\/span><\/span><span class=\"primjeri\"> <span class=\"Primjer\"\/><\/span><\/span><\/p>\n<p align=\"justify\" style=\"margin:0pt;\"><span class=\"Primjer__Primjer\"> &#8211; Nemati vremena za ne\u0161to najve\u0107a je la\u017e koja postoji jer dok jesmo, uvijek \u0107emo imati vremena za sve, samo je pitanje koliko smo spremni odustati od nekih ideja, za provedbu nama ve\u0107ih.<\/span><\/p>\n<p> <span class=\"Primjer\"\/> <\/p>\n<p align=\"justify\" style=\"margin:0pt;\"><span class=\"Primjer__Primjer\"> &#8211; Ne \u017eelim sudjelovati u takvim kombinacijama, ili jesmo ili nismo.<\/span><\/p>\n<p> <span class=\"Primjer\"\/> <\/p>\n<p align=\"justify\" style=\"margin:0pt;\"><span class=\"Primjer__Primjer\"> &#8211; Vjera je biti, ne imati.<\/span><\/p>\n<p align=\"justify\" style=\"margin:0pt;\"><span class=\"Sense\"> <span class=\"Sense__SenseNumber\">3<\/span> <span class=\"Sense__ograda\">(u imenskome predikatu)<\/span><span class=\"Definicija\"><span class=\"Definicija__definicija\"> Biti zna\u010di provesti\/provoditi \u017eivot, na\u0107i se \/ nalaziti se u odre\u0111enom stanju ili okolnostima.<\/span><\/span><span class=\"primjeri\"> <span class=\"Primjer\"\/><\/span><\/span><\/p>\n<p align=\"justify\" style=\"margin:0pt;\"><span class=\"Primjer__Primjer\"> &#8211; Pa ako i jesmo u banani, dodajte \u010dokolade i stvar je spa\u0161ena. <\/span><\/p>\n<p> <span class=\"Primjer\"\/> <\/p>\n<p align=\"justify\" style=\"margin:0pt;\"><span class=\"Primjer__Primjer\"> &#8211; Ve\u0107ina osoba koje smo vidjeli u filmovima je u braku.<\/span><\/p>\n<p align=\"justify\" style=\"margin:0pt;\"><span class=\"Sense\"> <span class=\"Sense__SenseNumber\">4<\/span> <span class=\"Sense__ograda\">(u imenskome predikatu)<\/span><span class=\"Definicija\"><span class=\"Definicija__definicija\"> Biti zna\u010di pripasti\/pripadati odre\u0111enoj skupini.<\/span><\/span><span class=\"primjeri\"> <span class=\"Primjer\"\/><\/span><\/span><\/p>\n<p align=\"justify\" style=\"margin:0pt;\"><span class=\"Primjer__Primjer\"> &#8211; \u010covjek je hajdukovac od glave do pete.<\/span><\/p>\n<p> <span class=\"Primjer\"\/> <\/p>\n<p align=\"justify\" style=\"margin:0pt;\"><span class=\"Primjer__Primjer\"> &#8211; Ona je lijepa, pametna, simpati\u010dna, vesela i, kao svaka prava Dalmatinka, mo\u017ee pri\u010dati i pri\u010dati.<\/span><\/p>\n<p> <span class=\"Primjer\"\/> <\/p>\n<p align=\"justify\" style=\"margin:0pt;\"><span class=\"Primjer__Primjer\"> &#8211; Kad odrastem bit \u0107u vojnik.<\/span><\/p>\n<p> <span class=\"Primjer\"\/> <\/p>\n<p align=\"justify\" style=\"margin:0pt;\"><span class=\"Primjer__Primjer\"> &#8211; Grge\u010d je grabe\u017eljivac i podjednako se uspje\u0161no mo\u017ee loviti s prirodnim i umjetnim mamcima. <\/span><\/p>\n<p align=\"justify\" style=\"margin:0pt;\"><span class=\"Sense\"> <span class=\"Sense__SenseNumber\">5<\/span> <span class=\"Sense__ograda\">(u imenskome predikatu)<\/span><span class=\"Definicija\"><span class=\"Definicija__definicija\"> Biti zna\u010di zauzeti\/zauzimati odre\u0111eni polo\u017eaj ili funkciju.<\/span><\/span><span class=\"primjeri\"> <span class=\"Primjer\"\/><\/span><\/span><\/p>\n<p align=\"justify\" style=\"margin:0pt;\"><span class=\"Primjer__Primjer\"> &#8211;  Ona je direktorica i du\u0161a \u0161kole, a ja sam stru\u010dni voditelj. <\/span><\/p>\n<p> <span class=\"Primjer\"\/> <\/p>\n<p align=\"justify\" style=\"margin:0pt;\"><span class=\"Primjer__Primjer\"> &#8211; Bio je u dva mandata dekan Pore\u010dkoga dekanata, \u010dlan biskupijskog Vije\u0107a za duhovna zvanja, Vije\u0107a za pastoral turista, \u010dlan vije\u0107a konzultora te obna\u0161ao mnoge druge slu\u017ebe. <\/span><\/p>\n<p align=\"justify\" style=\"margin:0pt;\"><span class=\"Sense\"> <span class=\"Sense__SenseNumber\">6<\/span> <span class=\"Sense__ograda\">(u imenskome predikatu)<\/span><span class=\"Definicija\"><span class=\"Definicija__definicija\"> Biti zna\u010di na\u0107i se \/ nalaziti se na odre\u0111enome mjestu. \u00a0<\/span><\/span><span class=\"primjeri\"> <span class=\"Primjer\"\/><\/span><\/span><\/p>\n<p align=\"justify\" style=\"margin:0pt;\"><span class=\"Primjer__Primjer\"> &#8211; U pravilu se vilica dr\u017ei u lijevoj, a no\u017e u desnoj ruci. \u017dlica je u desnoj. <\/span><\/p>\n<p> <span class=\"Primjer\"\/> <\/p>\n<p align=\"justify\" style=\"margin:0pt;\"><span class=\"Primjer__Primjer\"> &#8211; Start i cilj utrke bio je na trgu A. Star\u010devi\u0107a, a tr\u010dala se je idealna staza od 21 kilometar i 100 metara po najljep\u0161im dijelovima slavonske metropole.<\/span><\/p>\n<p align=\"justify\" style=\"margin:0pt;\"><span class=\"Sense\"> <span class=\"Sense__SenseNumber\">7<\/span> <span class=\"Sense__ograda\">(u imenskome predikatu)<\/span><span class=\"Definicija\"><span class=\"Definicija__definicija\"> Biti za \u0161to zna\u010di imati volju za \u0161to ili podr\u017eavati \u0161to.<\/span><\/span><span class=\"primjeri\"> <span class=\"Primjer\"\/><\/span><\/span><\/p>\n<p align=\"justify\" style=\"margin:0pt;\"><span class=\"Primjer__Primjer\"> &#8211; Bilo tako ili ne bilo, reci ti meni jesi li za kavu? <\/span><\/p>\n<p> <span class=\"Primjer\"\/> <\/p>\n<p align=\"justify\" style=\"margin:0pt;\"><span class=\"Primjer__Primjer\"> &#8211; Jesi ti za to da mu\u0161karac i \u017eena na istom poslu imaju jednaku pla\u0107u? Jesam. <\/span><\/p>\n<p align=\"justify\" style=\"margin:0pt;\"><span class=\"Sense\"> <span class=\"Sense__SenseNumber\">8<\/span> <span class=\"Sense__ograda\">(u imenskome predikatu)<\/span><span class=\"Definicija\"><span class=\"Definicija__definicija\"> Biti zna\u010di imati odre\u0111en broj godina.<\/span><\/span><span class=\"primjeri\"> <span class=\"Primjer\"\/><\/span><\/span><\/p>\n<p align=\"justify\" style=\"margin:0pt;\"><span class=\"Primjer__Primjer\"> &#8211; Osje\u0107am li se staro? Ma vraga, nisu to nikakve godine! Pa tek mi je 50 sitnih godinica\u2026 <\/span><\/p>\n<p> <span class=\"Primjer\"\/> <\/p>\n<p align=\"justify\" style=\"margin:0pt;\"><span class=\"Primjer__Primjer\"> &#8211; Trenutno 61. na ATP listi nije ba\u0161 mladi\u0107 koji dolazi, ve\u0107 mu je 31 godina, a i dalje je poznatiji po nastupima na <span style=\"font-style:normal\">challengerima<\/span> nego na ATP turnirima, na kojima niti jednom nije stigao do finala.<\/span><\/p>\n<p align=\"justify\" style=\"margin:0pt;\"><span class=\"Sense\"> <span class=\"Sense__SenseNumber\">9<\/span> <span class=\"Sense__ograda\">(u imenskome predikatu)<\/span><span class=\"Definicija\"><span class=\"Definicija__definicija\"> Biti zna\u010di nastati\/nastajati kao posljedica kakvih okolnosti.<\/span><\/span><span class=\"primjeri\"> <span class=\"Primjer\"\/><\/span><\/span><\/p>\n<p align=\"justify\" style=\"margin:0pt;\"><span class=\"Primjer__Primjer\"> &#8211; E, ako ne bude loma, bit \u0107e veselja.<\/span><\/p>\n<p align=\"justify\" style=\"margin:0pt;\"><span class=\"Frazemi\">frazem: <span class=\"Frazemi__frazem\">biti ili ne biti<\/span><\/span><\/p>\n<p align=\"justify\" style=\"margin:0pt;\"><span class=\"Sense\"><span class=\"Definicija\"><span class=\"Definicija__definicija\"> Biti ili ne biti zna\u010di da je \u0161to je bit, sr\u017e ili pitanje opstanka.<\/span><\/span><span class=\"primjeri\"> <span class=\"Primjer\"\/><\/span><\/span><\/p>\n<p align=\"justify\" style=\"margin:0pt;\"><span class=\"Primjer__Primjer\"> &#8211; Napu\u0161tanjem nekih parola i formulacija koje su do sada bile kori\u0161tene, postoji novi trenutak da se odr\u017eivi razvoj promatra kao ne\u0161to \u0161to je biti ili ne biti za Hrvatsku.<\/span><\/p>\n<p> <span class=\"Primjer\"\/> <\/p>\n<p align=\"justify\" style=\"margin:0pt;\"><span class=\"Primjer__Primjer\"> &#8211; U Texasu i Ohiou, gdje se za tjedan dana odr\u017eavaju predizbori, koji su za Hillary Clinton biti ili ne biti, ankete pokazuju da je Barack Obama u prednosti za 16 %.<\/span><\/p>\n<p align=\"justify\" style=\"margin:0pt;\"><span class=\"Frazemi\">frazem: <span class=\"Frazemi__frazem\">biti izvan sebe<\/span><\/span><\/p>\n<p align=\"justify\" style=\"margin:0pt;\"><span class=\"Sense\"><span class=\"Definicija\"><span class=\"Definicija__definicija\"> Biti izvan sebe zna\u010di ne biti u stanju vladati svojim osje\u0107ajima i reakcijama, izrazito emotivno reagirati.<\/span><\/span><span class=\"primjeri\"> <span class=\"Primjer\"\/><\/span><\/span><\/p>\n<p align=\"justify\" style=\"margin:0pt;\"><span class=\"Primjer__Primjer\"> &#8211; Nju je po\u010dela loviti panika, ne\u0107u re\u0107i histerija, ali bila je izvan sebe.<\/span><\/p>\n<p> <span class=\"Primjer\"\/> <\/p>\n<p align=\"justify\" style=\"margin:0pt;\"><span class=\"Primjer__Primjer\"> &#8211; Gazda je izvan sebe i sam ljutito pali cigaretu u vlastitoj nepu\u0161a\u010dkoj sekciji, daju\u0107i primjer glupim gostima.<\/span><\/p>\n<p align=\"justify\" style=\"margin:0pt;\"><span class=\"Frazemi\">frazem: <span class=\"Frazemi__frazem\">biti kuhan i pe\u010den<\/span><\/span><\/p>\n<p align=\"justify\" style=\"margin:0pt;\"><span class=\"Sense\"> <span class=\"Sense__ograda\">(s kim, s \u010dim)<\/span><span class=\"Definicija\"><span class=\"Definicija__definicija\"> Biti kuhan i pe\u010den s kim zna\u010di biti nerazdvojan s kim, s \u010dim.<\/span><\/span><span class=\"primjeri\"> <span class=\"Primjer\"\/><\/span><\/span><\/p>\n<p align=\"justify\" style=\"margin:0pt;\"><span class=\"Primjer__Primjer\"> &#8211; Nakon \u0161to je prije tri-\u010detiri dana bio kuhan i pe\u010den u Dinamu, mo\u017eda nas iskustvo u\u010di da treba pri\u010dekati do kona\u010dne realizacije i tek tada potvrditi da je sve rije\u0161eno. <\/span><\/p>\n<p> <span class=\"Primjer\"\/> <\/p>\n<p align=\"justify\" style=\"margin:0pt;\"><span class=\"Primjer__Primjer\"> &#8211; \u0160iben\u010danin, koji je kuhan i pe\u010den u kulturi, interesirao se za sadr\u017eaje. Zanimalo ga je je li gostima dosadno. <\/span><\/p>\n<p> <span class=\"Primjer\"\/> <\/p>\n<p align=\"justify\" style=\"margin:0pt;\"><span class=\"Primjer__Primjer\"> &#8211; Trump se glavnog stratega rije\u0161io u ljeto 2017., nakon neonacisti\u010dkih nereda u Charlottesvilleu, jer je Bannon \u2013 kuhan i pe\u010den s najekstremnijom desnicom \u2013 postao prete\u017eak uteg.<\/span><\/p>\n<p> <span class=\"Primjer\"\/> <\/p>\n<p align=\"justify\" style=\"margin:0pt;\"><span class=\"Primjer__Primjer\"> &#8211; On bi trebao znati \u0161to govori, on je s politikom godinama bio kuhan i pe\u010den.<\/span><\/p>\n<p align=\"justify\" style=\"margin:0pt;\"><span class=\"Frazemi\">frazem: <span class=\"Frazemi__frazem\">biti na ti<\/span><\/span><\/p>\n<p align=\"justify\" style=\"margin:0pt;\"><span class=\"Sense\"> <span class=\"Sense__ograda\">(s \u010dim)<\/span><span class=\"Definicija\"><span class=\"Definicija__definicija\"> Biti na ti s \u010dim zna\u010di dobro poznavati ili shva\u0107ati \u0161to.<\/span><\/span><span class=\"primjeri\"> <span class=\"Primjer\"\/><\/span><\/span><\/p>\n<p align=\"justify\" style=\"margin:0pt;\"><span class=\"Primjer__Primjer\"> &#8211; Na primjer, za razliku od \u010dudesnih dometa u All England Clubu (titula 2001. godine, tri finala i dva polufinala) s US Openom nikada nije bio na ti.<\/span><\/p>\n<p> <span class=\"Primjer\"\/> <\/p>\n<p align=\"justify\" style=\"margin:0pt;\"><span class=\"Primjer__Primjer\"> &#8211; Mati\u010dar je rekao da nas bez dokumenata ipak ne mo\u017ee vjen\u010dati, pa je moj \u0110uro smjesta sjeo za volan, s kojim je oduvijek bio na ti, i odjurio k mojim roditeljima u Be\u010d.<\/span><\/p>\n<p> <span class=\"Primjer\"\/> <\/p>\n<p align=\"justify\" style=\"margin:0pt;\"><span class=\"Primjer__Primjer\"> &#8211; Kuzle su <span style=\"font-style:normal\">punk band<\/span> drugog vala s \u010dijom sam glazbom bio na ti slu\u0161aju\u0107i ih i na snimkama Radio \u0160tudenta i na nastupima u Ljubljani, gdje sam upravo u vrijeme njihove afirmacije proveo nezaboravnu godinu.<\/span><\/p>\n<p align=\"justify\" style=\"margin:0pt;\"><span class=\"Frazemi\">frazem: <span class=\"Frazemi__frazem\">biti pri sebi<\/span><\/span><\/p>\n<p align=\"justify\" style=\"margin:0pt;\"><span class=\"Sense\"><span class=\"Definicija\"><span class=\"Definicija__definicija\"> Biti pri sebi zna\u010di vladati svojim osje\u0107ajima i reakcijama, biti priseban.<\/span><\/span><span class=\"primjeri\"> <span class=\"Primjer\"\/><\/span><\/span><\/p>\n<p align=\"justify\" style=\"margin:0pt;\"><span class=\"Primjer__Primjer\"> &#8211; Na prvi pogled mo\u017ee se \u010diniti da nisu ni bili pri sebi kad su pristali na takvo ne\u0161to.<\/span><\/p>\n<p> <span class=\"Primjer\"\/> <\/p>\n<p align=\"justify\" style=\"margin:0pt;\"><span class=\"Primjer__Primjer\"> &#8211; Jedan od mladi\u0107a, vidjev\u0161i da nije pri sebi, uspio je otvoriti vrata i sko\u010diti iz automobila, a ona je, manevriraju\u0107i, pre\u0161la kota\u010dem preko njegove noge.<\/span><\/p>\n<p> <span class=\"Primjer\"\/> <\/p>\n<p align=\"justify\" style=\"margin:0pt;\"><span class=\"Primjer__Primjer\"> &#8211; Moj kolega joj je pomogao da izi\u0111e. Bila je pri sebi i nije mi se \u010dinilo da je te\u017ee ozlije\u0111ena.<\/span><\/p>\n<p align=\"justify\" style=\"margin:0pt;\"><span class=\"Frazemi\">frazem: <span class=\"Frazemi__frazem\">biti u krivu<\/span><\/span><\/p>\n<p align=\"justify\" style=\"margin:0pt;\"><span class=\"Sense\"><span class=\"Definicija\"><span class=\"Definicija__definicija\"> Biti u krivu zna\u010di neto\u010dno govoriti ili postupati na neispravan na\u010din.<\/span><\/span><span class=\"primjeri\"> <span class=\"Primjer\"\/><\/span><\/span><\/p>\n<p align=\"justify\" style=\"margin:0pt;\"><span class=\"Primjer__Primjer\"> &#8211; Mislio sam kako mi je svejedno i da sam je prebolio, ali bio sam u krivu . <\/span><\/p>\n<p> <span class=\"Primjer\"\/> <\/p>\n<p align=\"justify\" style=\"margin:0pt;\"><span class=\"Primjer__Primjer\"> &#8211; Aristotel je rekao da te\u017ei predmeti padaju br\u017ee od lak\u0161ih, Galileo je otkrio da je Aristotel bio u krivu.<\/span><\/p>\n<p align=\"justify\" style=\"margin:0pt;\"><span class=\"Frazemi\">frazem: <span class=\"Frazemi__frazem\">\u0161to je bilo, bilo je<\/span><\/span><\/p>\n<p align=\"justify\" style=\"margin:0pt;\"><span class=\"Sense\"><span class=\"Definicija\"><span class=\"Definicija__definicija\"> \u0160to je bilo, bilo je zna\u010di da vi\u0161e ne treba razmi\u0161ljati o pro\u0161losti, nego se okrenuti prema budu\u0107nosti.<\/span><\/span><span class=\"primjeri\"> <span class=\"Primjer\"\/><\/span><\/span><\/p>\n<p align=\"justify\" style=\"margin:0pt;\"><span class=\"Primjer__Primjer\"> &#8211; Ka\u017eu da se u \u017eivotu ne treba osvrtati unazad, \u0161to je bilo bilo je, pa je i pro\u0161lo.<\/span><\/p>\n<p> <span class=\"Primjer\"\/> <\/p>\n<p align=\"justify\" style=\"margin:0pt;\"><span class=\"Primjer__Primjer\"> &#8211; Ako je i dalje mrzi\u0161 i time \u0161teti\u0161 svome zdravlju, onda te je ta osoba pobijedila, na\u0161tetila ti je vi\u0161e kasnije nego za vrijeme samog \u010dina. Nemoj joj dati mo\u0107 da ti i dalje \u0161teti. \u0160to je bilo bilo je.<\/span><\/p>\n<p align=\"justify\" style=\"margin:0pt;\"><span class=\"vanjska_poveznica\"> <span class=\"vanjska_poveznica__izvor\">Kolokacijska baza hrvatskoga jezika: <\/span> <a class=\"vanjska_poveznica__poveznica\" href=\"http:\/\/ihjj.hr\/kolokacije\/search\/?q=biti&amp;search_type=basic\" target=\"_blank\">http:\/\/ihjj.hr\/kolokacije\/search\/?q=biti&amp;search_type=basic<\/a><\/span><\/p>\n<p align=\"justify\" style=\"margin:0pt;\"><span class=\"vanjska_poveznica\"> <span class=\"vanjska_poveznica__izvor\">Baza hrvatskih morfolo\u0161kih dubleta (DvojBa): <\/span> <a class=\"vanjska_poveznica__poveznica\" href=\"http:\/\/dublete.jezik.hr\/morph\/lemma\/812\/\" target=\"_blank\">http:\/\/dublete.jezik.hr\/morph\/lemma\/812\/<\/a><\/span><\/p>\n<p>   <button class=\"deca_veza\"><a href=\"..\/biti-ucenici\">modul za u\u010denike<\/a><\/button><button class=\"stranci_veza\"><a href=\"..\/biti-neizvorni\">modul za osobe koje u\u010de hrvatski kao ini jezik<\/a><\/button> <\/p>\n","protected":false},"excerpt":{"rendered":"<p>Biti je pomo\u0107ni glagol koji slu\u017ei u tvorbi perfekta, pluskvamperfekta, kondicionala i futura II.<\/p>\n","protected":false},"author":1,"featured_media":0,"comment_status":"closed","ping_status":"closed","sticky":false,"template":"","format":"standard","meta":{"footnotes":""},"categories":[5,40],"tags":[111],"class_list":["post-118983","post","type-post","status-publish","format-standard","hentry","category-osnovni","category-osnovni-b","tag-gl-dvov-neprijel"],"_links":{"self":[{"href":"https:\/\/rjecnik.hr\/mreznik\/wp-json\/wp\/v2\/posts\/118983","targetHints":{"allow":["GET"]}}],"collection":[{"href":"https:\/\/rjecnik.hr\/mreznik\/wp-json\/wp\/v2\/posts"}],"about":[{"href":"https:\/\/rjecnik.hr\/mreznik\/wp-json\/wp\/v2\/types\/post"}],"author":[{"embeddable":true,"href":"https:\/\/rjecnik.hr\/mreznik\/wp-json\/wp\/v2\/users\/1"}],"replies":[{"embeddable":true,"href":"https:\/\/rjecnik.hr\/mreznik\/wp-json\/wp\/v2\/comments?post=118983"}],"version-history":[{"count":1,"href":"https:\/\/rjecnik.hr\/mreznik\/wp-json\/wp\/v2\/posts\/118983\/revisions"}],"predecessor-version":[{"id":119467,"href":"https:\/\/rjecnik.hr\/mreznik\/wp-json\/wp\/v2\/posts\/118983\/revisions\/119467"}],"wp:attachment":[{"href":"https:\/\/rjecnik.hr\/mreznik\/wp-json\/wp\/v2\/media?parent=118983"}],"wp:term":[{"taxonomy":"category","embeddable":true,"href":"https:\/\/rjecnik.hr\/mreznik\/wp-json\/wp\/v2\/categories?post=118983"},{"taxonomy":"post_tag","embeddable":true,"href":"https:\/\/rjecnik.hr\/mreznik\/wp-json\/wp\/v2\/tags?post=118983"}],"curies":[{"name":"wp","href":"https:\/\/api.w.org\/{rel}","templated":true}]}}