{"id":120639,"date":"2025-11-24T12:04:29","date_gmt":"2025-11-24T12:04:29","guid":{"rendered":"https:\/\/rjecnik.hr\/mreznik\/domacinski\/"},"modified":"2025-11-24T15:35:58","modified_gmt":"2025-11-24T14:35:58","slug":"domacinski","status":"publish","type":"post","link":"https:\/\/rjecnik.hr\/mreznik\/domacinski\/","title":{"rendered":"doma\u0107inski"},"content":{"rendered":"<p align=\"justify\" style=\"margin:20pt 0pt 0pt 5pt;text-indent:-5pt;\"><span class=\"Lemma\"> <span class=\"Lemma__Naglaseno\">dom\u00e0\u0107insk\u012b <\/span><span class=\"Lemma__LemmaSign\">doma\u0107inski<\/span> <span class=\"Lemma__vrsta_rijeci\">prid.<\/span><span class=\"Gramaticki_blok\"><span class=\"Oblici\"> (<span class=\"Oblici__naglaseni\">G dom\u00e0\u0107insk\u014dg(a); <i>\u017e.<\/i> dom\u00e0\u0107insk\u0101, <i>s<\/i>. dom\u00e0\u0107insk\u014d<\/span>)<\/span><\/span><\/span><\/p>\n<p align=\"justify\" style=\"margin:0pt;\"><span class=\"Sense\"> <span class=\"Sense__SenseNumber\">1<\/span> <span class=\"Definicija\"><span class=\"Definicija__definicija\"> Doma\u0107inski je koji se odnosi na doma\u0107ine, vlasnike doma ili kakva objekta.<\/span><\/span><span class=\"primjeri\"> <span class=\"Primjer\"\/><\/span><\/span><\/p>\n<p align=\"justify\" style=\"margin:0pt;\"><span class=\"Primjer__Primjer\"> &#8211; Posebna pa\u017enja posve\u0107ena je ure\u0111enju apartmana tako da oni budu ugodni za boravak i da gostima pru\u017ee pravu doma\u0107insku atmosferu. <\/span><\/p>\n<p> <span class=\"Primjer\"\/> <\/p>\n<p align=\"justify\" style=\"margin:0pt;\"><span class=\"Primjer__Primjer\"> &#8211; Pristojne cijene, doma\u0107inski ugo\u0111aj s karakteristi\u010dnim crvenobijelim kariranim stolnjacima odlikuju u Trattoriju Riva s u samom centru grada.<\/span><\/p>\n<p align=\"justify\" style=\"margin:0pt 0pt 0pt 10pt;\"><span class=\"kolokacije\"\/><\/p>\n<p align=\"justify\" style=\"margin:0pt;\"><span class=\"Kolokacija\"> <span class=\"Kolokacija__odrednica\">\u0160to je doma\u0107insko?<\/span> <span class=\"Kolokacija__kolokacija\">ambijent, atmosfera, dobrodo\u0161lica, ljubaznost, obi\u010daj, pona\u0161anje<\/span><\/span><\/p>\n<p align=\"justify\" style=\"margin:0pt;\"><span class=\"Kolokacija\"> <span class=\"Kolokacija__odrednica\">Koordinacija:<\/span> <span class=\"Kolokacija__kolokacija\">obiteljski i doma\u0107inski, prijateljski i doma\u0107inski<\/span><\/span><\/p>\n<p align=\"justify\" style=\"margin:0pt;\"><span class=\"Sense\"> <span class=\"Sense__SenseNumber\">2<\/span> <span class=\"Sense__strucna_odrednica\">sp.<\/span><span class=\"Definicija\"><span class=\"Definicija__definicija\"> Doma\u0107inski je koji se odnosi na doma\u0107ine, sportske mom\u010dadi koje ugo\u0161\u0107uju protivni\u010dke mom\u010dadi u kakvu natjecanju.<\/span><\/span><span class=\"primjeri\"> <span class=\"Primjer\"\/><\/span><\/span><\/p>\n<p align=\"justify\" style=\"margin:0pt;\"><span class=\"Primjer__Primjer\"> &#8211; Prvi ozbiljniji susret stajao je pred M. Kekom otkada je preuzeo klupu Rijeke, nakon 4. uzastopne pobjede protiv ipak ne\u0161to slabijih protivnika \u010dekao ga je ispit protiv tipi\u010dne doma\u0107inske mom\u010dadi koja je na svom terenu upisala tek jedan poraz.<\/span><\/p>\n<p align=\"justify\" style=\"margin:0pt 0pt 0pt 10pt;\"><span class=\"kolokacije\"\/><\/p>\n<p align=\"justify\" style=\"margin:0pt;\"><span class=\"Kolokacija\"> <span class=\"Kolokacija__odrednica\">\u0160to je doma\u0107insko?<\/span> <span class=\"Kolokacija__kolokacija\">ekipa <i>razg.<\/i>, mom\u010dad, teren, utakmica<\/span><\/span><\/p>\n<p align=\"justify\" style=\"margin:0pt;\"><span class=\"Sense\"> <span class=\"Sense__SenseNumber\">3<\/span> <span class=\"Definicija\"><span class=\"Definicija__definicija\"> Doma\u0107inski je koji se odnosi na doma\u0107ine, organizatore kakva doga\u0111anja.<\/span><\/span><span class=\"primjeri\"> <span class=\"Primjer\"\/><\/span><\/span><\/p>\n<p align=\"justify\" style=\"margin:0pt;\"><span class=\"Primjer__Primjer\"> &#8211; Konferencija je slu\u017ebeno otvorena s nekoliko prigodnih govora ravnatelja Stani\u0107a, rektora doma\u0107inskog sveu\u010dili\u0161ta Petra Lu\u010dina i predstavnika sponzora.<\/span><\/p>\n<p> <span class=\"Primjer\"\/> <\/p>\n<p align=\"justify\" style=\"margin:0pt;\"><span class=\"Primjer__Primjer\"> &#8211; 3. studenoga odr\u017eana je 1. Tambura\u0161ka ve\u010der na kojoj su uz doma\u0107inski tambura\u0161ki orkestar nastupili i gosti TO KUD-a Re\u010dica i TO KUD-a Trg. <\/span><\/p>\n<p align=\"justify\" style=\"margin:0pt 0pt 0pt 10pt;\"><span class=\"kolokacije\"\/><\/p>\n<p align=\"justify\" style=\"margin:0pt;\"><span class=\"Kolokacija\"> <span class=\"Kolokacija__odrednica\">\u0160to je doma\u0107insko?<\/span> <span class=\"Kolokacija__kolokacija\">dobrodo\u0161lica, grad, obi\u010daj, organizacija, pona\u0161anje, prijam, sveu\u010dili\u0161te<\/span><\/span><\/p>\n<p align=\"justify\" style=\"margin:0pt;\"><span class=\"Kolokacija\"> <span class=\"Kolokacija__odrednica\">Koordinacija:<\/span> <span class=\"Kolokacija__kolokacija\">prijateljski i doma\u0107inski<\/span><\/span><\/p>\n<p align=\"justify\" style=\"margin:0pt;\"><span class=\"Sense\"> <span class=\"Sense__SenseNumber\">4<\/span> <span class=\"Sense__strucna_odrednica\">pov.<\/span><span class=\"Definicija\"><span class=\"Definicija__definicija\"> Doma\u0107inski je koji se odnosi na doma\u0107ice, \u017eene koje se brinu o kakvu objektu ili poma\u017eu komu.<\/span><\/span><span class=\"primjeri\"> <span class=\"Primjer\"\/><\/span><\/span><\/p>\n<p align=\"justify\" style=\"margin:0pt;\"><span class=\"Primjer__Primjer\"> &#8211; U ispra\u017enjenom dvorcu neko je vrijeme djelovala doma\u0107inska \u0161kola.<\/span><\/p>\n<p> <span class=\"Primjer\"\/> <\/p>\n<p align=\"justify\" style=\"margin:0pt;\"><span class=\"Primjer__Primjer\"> &#8211; Kao redovni\u010dka pripravnica zavr\u0161ila je Doma\u0107inski te\u010daj u Zagrebu, na Vrhovcu.<\/span><\/p>\n<p align=\"justify\" style=\"margin:0pt 0pt 0pt 10pt;\"><span class=\"kolokacije\"\/><\/p>\n<p align=\"justify\" style=\"margin:0pt;\"><span class=\"Kolokacija\"> <span class=\"Kolokacija__odrednica\">\u0160to je doma\u0107insko?<\/span> <span class=\"Kolokacija__kolokacija\">du\u017enost, posao; doma\u0107inska \u0161kola <i>hist.<\/i>, doma\u0107inski te\u010daj <i>hist.<\/i><\/span><\/span><\/p>\n<p align=\"justify\" style=\"margin:0pt;\"><span class=\"Kolokacija\"> <span class=\"Kolokacija__odrednica\">Koordinacija:<\/span> <span class=\"Kolokacija__kolokacija\">maj\u010dinski i doma\u0107inski<\/span><\/span><\/p>\n<p align=\"justify\" style=\"margin:0pt;\"><span class=\"Tvorbena_raz\"\/><\/p>\n<p align=\"justify\" style=\"margin:0pt;\"> <span class=\"Tvorbena_raz__tvorba\">tvorba: doma\u0107in-ski<\/span><\/p>\n","protected":false},"excerpt":{"rendered":"<p>Doma\u0107inski je koji se odnosi na doma\u0107ine, vlasnike doma ili kakva objekta.<\/p>\n","protected":false},"author":1,"featured_media":0,"comment_status":"closed","ping_status":"closed","sticky":false,"template":"","format":"standard","meta":{"footnotes":""},"categories":[5,158],"tags":[103],"class_list":["post-120639","post","type-post","status-publish","format-standard","hentry","category-osnovni","category-osnovni-d-osnovni","tag-prid"],"_links":{"self":[{"href":"https:\/\/rjecnik.hr\/mreznik\/wp-json\/wp\/v2\/posts\/120639","targetHints":{"allow":["GET"]}}],"collection":[{"href":"https:\/\/rjecnik.hr\/mreznik\/wp-json\/wp\/v2\/posts"}],"about":[{"href":"https:\/\/rjecnik.hr\/mreznik\/wp-json\/wp\/v2\/types\/post"}],"author":[{"embeddable":true,"href":"https:\/\/rjecnik.hr\/mreznik\/wp-json\/wp\/v2\/users\/1"}],"replies":[{"embeddable":true,"href":"https:\/\/rjecnik.hr\/mreznik\/wp-json\/wp\/v2\/comments?post=120639"}],"version-history":[{"count":1,"href":"https:\/\/rjecnik.hr\/mreznik\/wp-json\/wp\/v2\/posts\/120639\/revisions"}],"predecessor-version":[{"id":121135,"href":"https:\/\/rjecnik.hr\/mreznik\/wp-json\/wp\/v2\/posts\/120639\/revisions\/121135"}],"wp:attachment":[{"href":"https:\/\/rjecnik.hr\/mreznik\/wp-json\/wp\/v2\/media?parent=120639"}],"wp:term":[{"taxonomy":"category","embeddable":true,"href":"https:\/\/rjecnik.hr\/mreznik\/wp-json\/wp\/v2\/categories?post=120639"},{"taxonomy":"post_tag","embeddable":true,"href":"https:\/\/rjecnik.hr\/mreznik\/wp-json\/wp\/v2\/tags?post=120639"}],"curies":[{"name":"wp","href":"https:\/\/api.w.org\/{rel}","templated":true}]}}