{"id":121878,"date":"2025-11-24T12:04:58","date_gmt":"2025-11-24T12:04:58","guid":{"rendered":"https:\/\/rjecnik.hr\/mreznik\/godina\/"},"modified":"2025-11-24T16:04:53","modified_gmt":"2025-11-24T15:04:53","slug":"godina","status":"publish","type":"post","link":"https:\/\/rjecnik.hr\/mreznik\/godina\/","title":{"rendered":"godina"},"content":{"rendered":"<p align=\"justify\" style=\"margin:20pt 0pt 0pt 5pt;text-indent:-5pt;\"><span class=\"Lemma\"> <span class=\"Lemma__Naglaseno\">g\u020ddina <\/span><span class=\"Lemma__LemmaSign\">godina<\/span> <span class=\"Lemma__zvuk\"> <a href=\"https:\/\/rjecnik.hr\/mreznik\/wp-content\/uploads\/2021\/mreznik_mediji\/godina.mp3\"><img loading=\"lazy\" decoding=\"async\" border=\"0\" height=\"14\" src=\"https:\/\/rjecnik.hr\/mreznik\/wp-content\/uploads\/2021\/05\/Speaker-4.gif\" width=\"16\"\/><\/a><\/span> <span class=\"Lemma__vrsta_rijeci\">im. \u017e.<\/span><span class=\"Gramaticki_blok\"><span class=\"Oblici\"> (<span class=\"Oblici__naglaseni\">G g\u020ddin\u0113, DL g\u020ddini, A g\u020ddinu, I g\u020ddin\u014dm; <i>mn.<\/i> NA g\u020ddine, G g\u020dd\u012bn\u0101, DLI g\u020ddinama<\/span>)<\/span><\/span><\/span><\/p>\n<p align=\"justify\" style=\"margin:0pt;\"><span class=\"Sense\"> <span class=\"Sense__SenseNumber\">1<\/span> <span class=\"Definicija\"><span class=\"Definicija__definicija\"> Godina je razdoblje od dvanaest mjeseci, vrijeme u kojemu Zemlja obi\u0111e oko Sunca, traje od 1. sije\u010dnja do 31. prosinca.<\/span><\/span><span class=\"primjeri\"> <span class=\"Primjer\"\/><\/span><\/span><\/p>\n<p align=\"justify\" style=\"margin:0pt;\"><span class=\"Primjer__Primjer\"> &#8211; Prvi pisani spomen Zagreba datira iz 1094. godine, kada je na Kaptolu osnovana biskupija, dok susjedni Gradec 1242. godine biva progla\u0161en slobodnim kraljevskim gradom. <\/span><\/p>\n<p> <span class=\"Primjer\"\/> <\/p>\n<p align=\"justify\" style=\"margin:0pt;\"><span class=\"Primjer__Primjer\"> &#8211; Po\u010detkom 2006. godine knji\u017enica je izdvojena iz sastava Pu\u010dkoga otvorenog u\u010dili\u0161ta te ustanovljena kao samostalna ustanova pod nazivom Gradska knji\u017enica Ksaver \u0160andor Gjalski.<\/span><\/p>\n<p> <span class=\"Primjer\"\/> <\/p>\n<p align=\"justify\" style=\"margin:0pt;\"><span class=\"Primjer__Primjer\"> &#8211; Popusti koji se ostvaruju putem na\u0161e kartice mogu se koristiti neograni\u010deno, svih 365 dana u godini na svim prodajnim mjestima na\u0161ih partnera diljem Hrvatske.<\/span><\/p>\n<p align=\"justify\" style=\"margin:0pt 0pt 0pt 10pt;\"><span class=\"kolokacije\"\/><\/p>\n<p align=\"justify\" style=\"margin:0pt;\"><span class=\"Kolokacija\"> <span class=\"Kolokacija__odrednica\">Kakva je godina?<\/span> <span class=\"Kolokacija__kolokacija\">nova, prethodna, pro\u0161la, sljede\u0107a, stara<\/span><\/span><\/p>\n<p align=\"justify\" style=\"margin:0pt;\"><span class=\"Poveznice\"> <a class=\"References\">SINONIM:  <\/a><a class=\"References\" href=\"..\/ljeto\">ljeto<\/a> :2<\/span><\/p>\n<p align=\"justify\" style=\"margin:0pt;\"><span class=\"Sense\"> <span class=\"Sense__SenseNumber\">2<\/span> <span class=\"Definicija\"><span class=\"Definicija__definicija\"> Godina je vrijeme od to\u010dno dvanaest mjeseci ra\u010dunaju\u0107i od bilo kojega datuma.<\/span><\/span><span class=\"primjeri\"> <span class=\"Primjer\"\/><\/span><\/span><\/p>\n<p align=\"justify\" style=\"margin:0pt;\"><span class=\"Primjer__Primjer\"> &#8211; Ako, u slu\u010daju iz stavka 4. ovoga \u010dlanka, usluga odre\u0111ene vrste potro\u0161a\u010du nije pru\u017eena u razdoblju od godinu dana, sljede\u0107a usluga iste vrste smatrat \u0107e se prvom uslugom te \u0107e se na tu uslugu primjenjivati odredbe \u010dlanaka 57. do 62. ovoga Zakona. <\/span><\/p>\n<p> <span class=\"Primjer\"\/> <\/p>\n<p align=\"justify\" style=\"margin:0pt;\"><span class=\"Primjer__Primjer\"> &#8211; Nov\u010dana se kazna ne mo\u017ee izvr\u0161iti kad protekne \u0161est godina od njezina izricanja ili opozivanja uvjetne osude kojom je ona izre\u010dena.<\/span><\/p>\n<p align=\"justify\" style=\"margin:0pt 0pt 0pt 10pt;\"><span class=\"kolokacije\"\/><\/p>\n<p align=\"justify\" style=\"margin:0pt;\"><span class=\"Kolokacija\"> <span class=\"Kolokacija__odrednica\">U vezi s godinom spominje se:<\/span> <span class=\"Kolokacija__kolokacija\">sta\u017e, zatvor<\/span><\/span><\/p>\n<p align=\"justify\" style=\"margin:0pt;\"><span class=\"Sense\"> <span class=\"Sense__SenseNumber\">3<\/span> <span class=\"Definicija\"><span class=\"Definicija__definicija\"> Godina je razdoblje od dvanaest mjeseci kojim se mjeri \u010dija dob ili starost.<\/span><\/span><span class=\"primjeri\"> <span class=\"Primjer\"\/><\/span><\/span><\/p>\n<p align=\"justify\" style=\"margin:0pt;\"><span class=\"Primjer__Primjer\"> &#8211; Osvje\u0161\u0107uju\u0107i problemsku situaciju u skupini djece u 6. godini \u017eivota, zapo\u010deli smo s projektom \u201eUpoznajmo mlijeko i mlije\u010dne proizvode\u201d. <\/span><\/p>\n<p> <span class=\"Primjer\"\/> <\/p>\n<p align=\"justify\" style=\"margin:0pt;\"><span class=\"Primjer__Primjer\"> &#8211; Izbjegavajte ona uobi\u010dajena pitanja kojima se svakodnevno koristite, primjerice kako si, koliko ima\u0161 godina, odakle si&#8230; <\/span><\/p>\n<p> <span class=\"Primjer\"\/> <\/p>\n<p align=\"justify\" style=\"margin:0pt;\"><span class=\"Primjer__Primjer\"> &#8211; Procjenjuje se da je otprilike 33 posto \u017ertava mla\u0111e od \u0161est godina, 33 posto je u dobi od \u0161est do dvanaest godina, a preostalih 33 posto u dobi izme\u0111u dvanaest i osamnaest godina.<\/span><\/p>\n<p align=\"justify\" style=\"margin:0pt;\"><span class=\"Normativna_nap\">\u2022 <span class=\"Normativna_nap__napomena\">Izraz <i>x godina starosti<\/i> pleonasti\u010dan je. Stoga je u hrvatskome standardnom jeziku pogre\u0161no re\u0107i npr. <i>do 40 godina starosti<\/i>, a pravilno <i>do 40 godina<\/i>.<\/span><\/span><\/p>\n<p align=\"justify\" style=\"margin:0pt;\"><span class=\"Sense\"> <span class=\"Sense__SenseNumber\">4<\/span> <span class=\"Sense__ograda\">(mn.)<\/span><span class=\"Definicija\"><span class=\"Definicija__definicija\"> Godine su vremenski odsje\u010dak.<\/span><\/span><span class=\"primjeri\"> <span class=\"Primjer\"\/><\/span><\/span><\/p>\n<p align=\"justify\" style=\"margin:0pt;\"><span class=\"Primjer__Primjer\"> &#8211; Ne trebamo se \u010duditi s obzirom na to da su osamdesete bile plodne godine za izvanzemaljce i klince u kontaktu sa Svemirom.<\/span><\/p>\n<p> <span class=\"Primjer\"\/> <\/p>\n<p align=\"justify\" style=\"margin:0pt;\"><span class=\"Primjer__Primjer\"> &#8211; Te uspje\u0161ne i bogate godine sabrane su i u najnovijoj monografiji <span style=\"font-style:normal\">Zvjezdice 25<\/span> (2010.). <\/span><\/p>\n<p align=\"justify\" style=\"margin:0pt;\"><span class=\"Poveznice\"> <a class=\"References\">SINONIM:  <\/a><a class=\"References\" href=\"..\/razdoblje\">razdoblje<\/a> :1<\/span><\/p>\n<p align=\"justify\" style=\"margin:0pt;\"><span class=\"Subentry\"><span class=\"Subentry__LemmaSign\"> Nova godina<\/span><\/span><\/p>\n<p align=\"justify\" style=\"margin:0pt;\"><span class=\"Sense\"><span class=\"Definicija\"><span class=\"Definicija__definicija\"> Nova godina praznik je koji se slavi 1. sije\u010dnja i kojim se obilje\u017eava ulazak u novu kalendarsku godinu.<\/span><\/span><span class=\"primjeri\"> <span class=\"Primjer\"\/><\/span><\/span><\/p>\n<p align=\"justify\" style=\"margin:0pt;\"><span class=\"Primjer__Primjer\"> &#8211; Tr\u017enica radi svakoga dana osim na dane sljede\u0107ih praznika: Nova Godina (1. sije\u010dnja), Uskrs (31. o\u017eujka), Bo\u017ei\u0107 (25. prosinca), Svi sveti (1. studenoga). <\/span><\/p>\n<p> <span class=\"Primjer\"\/> <\/p>\n<p align=\"justify\" style=\"margin:0pt;\"><span class=\"Primjer__Primjer\"> &#8211; Tako pro\u0111e i Bo\u017ei\u0107, Nova godina i svi ti blagdani, pa i ro\u0111endan ovoga voljenoga grada, i po\u010dinje i\u0161\u010dekivanje prolje\u0107a kada \u0107u se ponovno vratiti u svoje gnijezdo pod meni dobro znanu kutinsku nadstre\u0161nicu.<\/span><\/p>\n<p align=\"justify\" style=\"margin:0pt 0pt 0pt 10pt;\"><span class=\"kolokacije\"\/><\/p>\n<p align=\"justify\" style=\"margin:0pt;\"><span class=\"Kolokacija\"> <span class=\"Kolokacija__odrednica\">prijedlog + Nova godina:<\/span> <span class=\"Kolokacija__kolokacija\">do Nove godine, na Novu godinu, od Nove godine, oko Nove godine, pred Novu godinu <i>razg.<\/i>, prije Nove godine, uo\u010di Nove godine<\/span><\/span><\/p>\n<p align=\"justify\" style=\"margin:0pt;\"><span class=\"Normativna_nap\">\u2022 <span class=\"Normativna_nap__napomena\">U hrvatskome standardnom jeziku, ovisno o zna\u010denju, pravilno je pisati <i>nova godina<\/i> i <i>Nova godina<\/i>. Ako \u017eelimo \u010destitati praznik 1. sije\u010dnja, za\u017eeljet \u0107emo<i> sretnu Novu godinu<\/i> jer je <i>Nova godina<\/i> ime praznika. Ako komu \u017eelimo \u010destitati cijelu nadolaze\u0107u godinu, za\u017eeljet \u0107emo mu <i>sretnu novu godinu<\/i>. Stoga mo\u017eemo komu za\u017eeljeti <i>sretnu Novu\/novu godinu<\/i>, ali samo <i>uspje\u0161nu novu 2025. godinu<\/i>. <\/span><\/span><\/p>\n<p align=\"justify\" style=\"margin:0pt;\"><span class=\"Subentry\"><span class=\"Subentry__LemmaSign\"> akademska godina<\/span><\/span><\/p>\n<p align=\"justify\" style=\"margin:0pt;\"><span class=\"Sense\"><span class=\"Definicija\"><span class=\"Definicija__definicija\"> Akademska godina razdoblje je od listopada do rujna u kojemu studenti poha\u0111aju nastavu i pola\u017eu ispite na fakultetu.<\/span><\/span><span class=\"primjeri\"> <span class=\"Primjer\"\/><\/span><\/span><\/p>\n<p align=\"justify\" style=\"margin:0pt;\"><span class=\"Primjer__Primjer\"> &#8211; Evaluacija nastave provoditi \u0107e se putem studomata, od 10. lipnja do 14. lipnja 2013., za kolegije ljetnog semestra akademske godine 2012.\/2013. <\/span><\/p>\n<p align=\"justify\" style=\"margin:0pt;\"><span class=\"Subentry\"><span class=\"Subentry__LemmaSign\"> \u0161kolska godina<\/span><\/span><\/p>\n<p align=\"justify\" style=\"margin:0pt;\"><span class=\"Sense\"><span class=\"Definicija\"><span class=\"Definicija__definicija\"> \u0160kolska godina razdoblje je od rujna do lipnja u kojemu u\u010denik poha\u0111a jedan razred.<\/span><\/span><span class=\"primjeri\"> <span class=\"Primjer\"\/><\/span><\/span><\/p>\n<p align=\"justify\" style=\"margin:0pt;\"><span class=\"Primjer__Primjer\"> &#8211; Projekt \u0107e se provoditi do kraja ove \u0161kolske godine te \u0107e se u njega nastojati uklju\u010diti i u\u010denici drugih srednjih \u0161kola.<\/span><\/p>\n<p> <span class=\"Primjer\"\/> <\/p>\n<p align=\"justify\" style=\"margin:0pt;\"><span class=\"Primjer__Primjer\"> &#8211; \u0160kolske godine 2011.\/2012. upisana je sedmnaesta generacija u\u010denica u tri razredna odjela.<\/span><\/p>\n<p> <span class=\"Primjer\"\/> <\/p>\n<p align=\"justify\" style=\"margin:0pt;\"><span class=\"Primjer__Primjer\"> &#8211; Pred kraj svake \u0161kolske godine u\u010denici i u\u010ditelji Glazbene \u0161kole odr\u017eavaju animacijske koncerte koji su namijenjeni u\u010denicima ni\u017eih razreda osnovne \u0161kole.<\/span><\/p>\n<p align=\"justify\" style=\"margin:0pt 0pt 0pt 10pt;\"><span class=\"kolokacije\"\/><\/p>\n<p align=\"justify\" style=\"margin:0pt;\"><span class=\"Kolokacija\"> <span class=\"Kolokacija__odrednica\">Kakva je \u0161kolska godina?<\/span> <span class=\"Kolokacija__kolokacija\">cijela, idu\u0107a, teku\u0107a; pastoralna, vjeronau\u010dna<\/span><\/span><\/p>\n<p align=\"justify\" style=\"margin:0pt;\"><span class=\"Kolokacija\"> <span class=\"Kolokacija__odrednica\">\u0160to \u0161kolska godina mo\u017ee?<\/span> <span class=\"Kolokacija__kolokacija\">zapo\u010deti, zavr\u0161iti<\/span><\/span><\/p>\n<p align=\"justify\" style=\"margin:0pt;\"><span class=\"Kolokacija\"> <span class=\"Kolokacija__odrednica\">\u0160to se sa \u0161kolskom godinom mo\u017ee?<\/span> <span class=\"Kolokacija__kolokacija\">do\u010dekati je, planirati je<\/span><\/span><\/p>\n<p align=\"justify\" style=\"margin:0pt;\"><span class=\"Frazemi\">frazem: <span class=\"Frazemi__frazem\">jednom u sto godina<\/span><\/span><\/p>\n<p align=\"justify\" style=\"margin:0pt;\"><span class=\"Sense\"><span class=\"Definicija\"><span class=\"Definicija__definicija\"> Jednom u sto godina zna\u010di vrlo rijetko.<\/span><\/span><span class=\"primjeri\"> <span class=\"Primjer\"\/><\/span><\/span><\/p>\n<p align=\"justify\" style=\"margin:0pt;\"><span class=\"Primjer__Primjer\"> &#8211; On je bio genijalac kakav se ra\u0111a jednom u sto godina.<\/span><\/p>\n<p> <span class=\"Primjer\"\/> <\/p>\n<p align=\"justify\" style=\"margin:0pt;\"><span class=\"Primjer__Primjer\"> &#8211; Jednom u sto godina volim si kupiti i ne\u0161to ekstravagantno.<\/span><\/p>\n<p> <span class=\"Primjer\"\/> <\/p>\n<p align=\"justify\" style=\"margin:0pt;\"><span class=\"Primjer__Primjer\"> &#8211; Ovakav ko\u0161 daje se jednom u sto godina, pogotovo na ovakvim odlu\u010duju\u0107im utakmicama.<\/span><\/p>\n<p align=\"justify\" style=\"margin:0pt;\"><span class=\"Frazemi\">frazem: <span class=\"Frazemi__frazem\">plakati kao ki\u0161na (ljuta) godina<\/span><\/span><\/p>\n<p align=\"justify\" style=\"margin:0pt;\"><span class=\"Sense\"><span class=\"Definicija\"><span class=\"Definicija__definicija\"> Plakati (rasplakati se i sl.) kao ki\u0161na (ljuta) godina zna\u010di gorko plakati, plakati na sav glas.<\/span><\/span><span class=\"primjeri\"> <span class=\"Primjer\"\/><\/span><\/span><\/p>\n<p align=\"justify\" style=\"margin:0pt;\"><span class=\"Primjer__Primjer\"> &#8211; Prvi dan \u0161kole plakao sam kao ki\u0161na godina jer sam se bojao sam i\u0107i u \u0161kolu.<\/span><\/p>\n<p> <span class=\"Primjer\"\/> <\/p>\n<p align=\"justify\" style=\"margin:0pt;\"><span class=\"Primjer__Primjer\"> &#8211; Te ve\u010deri plakao sam kao ki\u0161na godina, zabio glavu u jastuk da me nitko ne \u010duje. O\u010daj i tuga bili su ja\u010di od mene, suze su same tekle.<\/span><\/p>\n<p> <span class=\"Primjer\"\/> <\/p>\n<p align=\"justify\" style=\"margin:0pt;\"><span class=\"Primjer__Primjer\"> &#8211; Plakao sam kao ljuta godina, svi lijekovi koje sam koristio i isprobao na svom mali\u0161anu nisu bili dovoljni da mu se spasi \u017eivot.<\/span><\/p>\n<p> <span class=\"Primjer\"\/> <\/p>\n<p align=\"justify\" style=\"margin:0pt;\"><span class=\"Primjer__Primjer\"> &#8211; Trudovi su me tako \u0161arafili da sam bacila deku na pod i prodisavala ih na sve \u010detiri ili grizu\u0107i rub madraca dok kona\u010dno negdje pred zoru nisam pukla i rasplakala se kao ki\u0161na godina od boli i frustracije.<\/span><\/p>\n<p align=\"justify\" style=\"margin:0pt;\"><span class=\"Frazemi\">frazem: <span class=\"Frazemi__frazem\">prkositi godinama<\/span><\/span><\/p>\n<p align=\"justify\" style=\"margin:0pt;\"><span class=\"Sense\"><span class=\"Definicija\"><span class=\"Definicija__definicija\"> Prkositi godinama zna\u010di dobro izgledati, biti u dobroj kondiciji, biti u snazi \/unato\u010d poodmaklim godinama\/.<\/span><\/span><span class=\"primjeri\"> <span class=\"Primjer\"\/><\/span><\/span><\/p>\n<p align=\"justify\" style=\"margin:0pt;\"><span class=\"Primjer__Primjer\"> &#8211; Aniston je u svom najnovijem filmu pokazala da u svojoj 45-oj prkosi godinama, gravitaciji, zakonu prirode i svim mogu\u0107im zemaljskim \u010dudima pokazav\u0161i \u010dvrste grudi i stra\u017enjicu.<\/span><\/p>\n<p> <span class=\"Primjer\"\/> <\/p>\n<p align=\"justify\" style=\"margin:0pt;\"><span class=\"Primjer__Primjer\"> &#8211; Sportom prkosimo godinama i u mirovini pro\u017eivljavamo novu mladost.<\/span><\/p>\n<p> <span class=\"Primjer\"\/> <\/p>\n<p align=\"justify\" style=\"margin:0pt;\"><span class=\"Primjer__Primjer\"> &#8211; Biti jo\u0161 ljep\u0161i, jo\u0161 mla\u0111i, prkositi godinama koje nas neminovno sti\u017eu, za neke je preraslo u totalnu opsesiju.<\/span><\/p>\n<p> <span class=\"Primjer\"\/> <\/p>\n<p align=\"justify\" style=\"margin:0pt;\"><span class=\"Primjer__Primjer\"> &#8211; Talijanska glumica Sophia Loren do\u0161la je na premijeru animiranog filma Auti 2, koja se odr\u017eala u Rimu, a za tu je priliku odabrala bijelu odjevnu kombinaciju te jo\u0161 jednom pokazala da svojom figurom prkosi godinama.<\/span><\/p>\n<p align=\"justify\" style=\"margin:0pt;\"><span class=\"Frazemi\">frazem: <span class=\"Frazemi__frazem\">svake prijestupne godine<\/span><\/span><\/p>\n<p align=\"justify\" style=\"margin:0pt;\"><span class=\"Sense\"><span class=\"Definicija\"><span class=\"Definicija__definicija\"> Svake prijestupne godine zna\u010di vrlo rijetko.<\/span><\/span><span class=\"primjeri\"> <span class=\"Primjer\"\/><\/span><\/span><\/p>\n<p align=\"justify\" style=\"margin:0pt;\"><span class=\"Primjer__Primjer\"> &#8211; A nama Dalmo\u0161ima, koji snijeg okuse svake prijestupne godine, velika je tlaka i drama voziti auto po snijegu.<\/span><\/p>\n<p> <span class=\"Primjer\"\/> <\/p>\n<p align=\"justify\" style=\"margin:0pt;\"><span class=\"Primjer__Primjer\"> &#8211; Oni kojima vje\u017ebanje nije stil \u017eivota, nego se u\u010dlane u <span style=\"font-style:normal\">fitness<\/span> svake prijestupne godine, ne moraju posvetiti toliko vremena svom zagrijavanju.<\/span><\/p>\n<p> <span class=\"Primjer\"\/> <\/p>\n<p align=\"justify\" style=\"margin:0pt;\"><span class=\"Primjer__Primjer\"> &#8211; I to da je obrijan bila je prvorazredna senzacija, poznato je da se on brije samo svake prijestupne godine.<\/span><\/p>\n<p align=\"justify\" style=\"margin:0pt;\"><span class=\"Frazemi\">frazem: <span class=\"Frazemi__frazem\">u najboljim godinama<\/span><\/span><\/p>\n<p align=\"justify\" style=\"margin:0pt;\"><span class=\"Sense\"><span class=\"Definicija\"><span class=\"Definicija__definicija\"> U najboljim godinama zna\u010di srednje dobi, u naponu snage, u punoj \u017eivotnoj snazi.<\/span><\/span><span class=\"primjeri\"> <span class=\"Primjer\"\/><\/span><\/span><\/p>\n<p align=\"justify\" style=\"margin:0pt;\"><span class=\"Primjer__Primjer\"> &#8211; Trebaju nam ljudi koji su sada u najboljim godinama i koji mogu i trebaju prenositi znanje.<\/span><\/p>\n<p> <span class=\"Primjer\"\/> <\/p>\n<p align=\"justify\" style=\"margin:0pt;\"><span class=\"Primjer__Primjer\"> &#8211; Kao \u0161to se gospo\u0111a u najboljim godinama decentno kiti zlatim nakitom, tako se i kroz \u017eu\u0107kasto-zelenkastu boju ovog gustog i slatkog vina lagano probija boja staroga zlata.<\/span><\/p>\n<p> <span class=\"Primjer\"\/> <\/p>\n<p align=\"justify\" style=\"margin:0pt;\"><span class=\"Primjer__Primjer\"> &#8211; Sa svojih 47 godina mislila sam da sam u najboljim godinama, a onda mi je otkrivena kvr\u017eica od svega pet milimetara. Bio je to \u0161ok, strah, u\u017eas.<\/span><\/p>\n<p align=\"justify\" style=\"margin:0pt;\"><span class=\"Frazemi\">frazem: <span class=\"Frazemi__frazem\">u &lt;poodmaklim&gt; godinama<\/span><\/span><\/p>\n<p align=\"justify\" style=\"margin:0pt;\"><span class=\"Sense\"><span class=\"Definicija\"><span class=\"Definicija__definicija\"> U &lt;poodmaklim&gt; godinama zna\u010di stariji, postariji, u starijoj \u017eivotnoj dobi.<\/span><\/span><span class=\"primjeri\"> <span class=\"Primjer\"\/><\/span><\/span><\/p>\n<p align=\"justify\" style=\"margin:0pt;\"><span class=\"Primjer__Primjer\"> &#8211; Katharine Hepburn i Nick Nolte upu\u0161taju se u profitabilan posao kao ostarjela dama i neuroti\u010dni pla\u0107eni ubojica koji se udru\u017ee kako bi bezbolno usmr\u0107ivali ljude u poodmaklim godinama kojima je dosta \u017eivotnih neda\u0107a.<\/span><\/p>\n<p> <span class=\"Primjer\"\/> <\/p>\n<p align=\"justify\" style=\"margin:0pt;\"><span class=\"Primjer__Primjer\"> &#8211; Definitivno je potvr\u0111eno kako je Imotskom potreban stacionar s obzirom na \u010dinjenicu da je stanovni\u0161tvo, a posebno u ruralnom dijelu Imotske krajine, ve\u0107 u poodmaklim godinama, te da se i pored iznimnog rada zdravstvene i socijalne slu\u017ebe ne mo\u017ee govoriti o dobroj skrbi za bolesne na\u0161e sugra\u0111ane.<\/span><\/p>\n<p> <span class=\"Primjer\"\/> <\/p>\n<p align=\"justify\" style=\"margin:0pt;\"><span class=\"Primjer__Primjer\"> &#8211; Neke se \u017eene \u0161minkaju vrlo mlade da bi izgledale zrelije, a neke u poodmaklim godinama da bi se doimale mla\u0111e.<\/span><\/p>\n<p> <span class=\"Primjer\"\/> <\/p>\n<p align=\"justify\" style=\"margin:0pt;\"><span class=\"Primjer__Primjer\"> &#8211; \u010covjek sam u godinama i pamtim mnogo toga. <\/span><\/p>\n<p> <span class=\"Primjer\"\/> <\/p>\n<p align=\"justify\" style=\"margin:0pt;\"><span class=\"Primjer__Primjer\"> &#8211; Zrelost je za\u010dudna osobina koja prati i mlade i starije jer ne zna\u010di da je \u010dovjek zreo ako je u godinama.<\/span><\/p>\n<p align=\"justify\" style=\"margin:0pt;\"><span class=\"Frazemi\">frazem: <span class=\"Frazemi__frazem\">vu\u0107i se kao gladna godina<\/span><\/span><\/p>\n<p align=\"justify\" style=\"margin:0pt;\"><span class=\"Sense\"> <span class=\"Sense__SenseNumber\">1<\/span> <span class=\"Definicija\"><span class=\"Definicija__definicija\"> Vu\u0107i se kao gladna godina zna\u010di polako prolaziti, dugo trajati.<\/span><\/span><span class=\"primjeri\"> <span class=\"Primjer\"\/><\/span><\/span><\/p>\n<p align=\"justify\" style=\"margin:0pt;\"><span class=\"Primjer__Primjer\"> &#8211; Pred ambulantom je ve\u0107 bilo nekoliko onih koji su \u010dekali na previjanje, sjeo je na klupu i \u010dekao, a vrijeme je sporo prolazilo, vuklo se k\u2019o gladna godina, a on je tako nervozno \u010dekao da u\u0111e.<\/span><\/p>\n<p> <span class=\"Primjer\"\/> <\/p>\n<p align=\"justify\" style=\"margin:0pt;\"><span class=\"Primjer__Primjer\"> &#8211; Tih devet mjeseci sporo je prolazilo, rujan, listopad, studeni, prosinac, velja\u010da, o\u017eujak, travanj i svibanj vukli su se kao gladna godina u i\u0161\u010dekivanju lipnja, srpnja i kolovoza. <\/span><\/p>\n<p align=\"justify\" style=\"margin:0pt;\"><span class=\"Sense\"> <span class=\"Sense__SenseNumber\">2<\/span> <span class=\"Definicija\"><span class=\"Definicija__definicija\"> Vu\u0107i se kao gladna godina zna\u010di biti spor, polako se kretati.<\/span><\/span><span class=\"primjeri\"> <span class=\"Primjer\"\/><\/span><\/span><\/p>\n<p align=\"justify\" style=\"margin:0pt;\"><span class=\"Primjer__Primjer\"> &#8211; U sedamnaestici je bilo vru\u0107e za po\u0161izit, vukla se po Savskoj k\u2019o gladna godina, gruntala sam koji me vrag tjerao u tramvaj kad imam noge.<\/span><\/p>\n<p> <span class=\"Primjer\"\/> <\/p>\n<p align=\"justify\" style=\"margin:0pt;\"><span class=\"Primjer__Primjer\"> &#8211; Kad ste umorni, vjerojatno prepoznajete klasi\u010dne znakove umora i neispavanosti: vu\u010dete se kao gladna godina, jadikujete cijeli dan, svi vas \u017eivciraju i sve vam je te\u0161ko.<\/span><\/p>\n<p align=\"justify\" style=\"margin:0pt;\"><span class=\"Frazemi\">frazem: <span class=\"Frazemi__frazem\">za\u0107i u godine<\/span><\/span><\/p>\n<p align=\"justify\" style=\"margin:0pt;\"><span class=\"Sense\"><span class=\"Definicija\"><span class=\"Definicija__definicija\"> Za\u0107i u godine zna\u010di ostarjeti, postati star (stariji).<\/span><\/span><span class=\"primjeri\"> <span class=\"Primjer\"\/><\/span><\/span><\/p>\n<p align=\"justify\" style=\"margin:0pt;\"><span class=\"Primjer__Primjer\"> &#8211; Budu\u0107i da sam ve\u0107 za\u0161la u godine, sve vi\u0161e osje\u0107am bolove u kostima.<\/span><\/p>\n<p> <span class=\"Primjer\"\/> <\/p>\n<p align=\"justify\" style=\"margin:0pt;\"><span class=\"Primjer__Primjer\"> &#8211; Ispalo je da su se na\u0161i snovi ostvarili tek kad smo ve\u0107 za\u0161li u godine u kojima vas sve manje toga raduje.<\/span><\/p>\n<p align=\"justify\" style=\"margin:0pt;\"><span class=\"Tvorbena_raz\"\/><\/p>\n<p align=\"justify\" style=\"margin:0pt;\"> <span class=\"Tvorbena_raz__mrtve_tvorenice\">tvorenice: godinica<\/span><\/p>\n<p><span class=\"References\">TVORENICE: <a class=\"References\" href=\"..\/g.\">g.<\/a><span class=\"Lemma__HomonymNumber\">1<\/span><span class=\"referenceseparator\">, <\/span><a class=\"References\" href=\"..\/god.\">god.<\/a><span class=\"referenceseparator\">, <\/span><a class=\"References\" href=\"..\/godisnji\">godi\u0161nji<\/a><\/span><\/p>\n<p align=\"justify\" style=\"margin:0pt;\"><span class=\"vanjska_poveznica\"> <span class=\"vanjska_poveznica__izvor\">Struna: <\/span> <a class=\"vanjska_poveznica__poveznica\" href=\"http:\/\/struna.ihjj.hr\/naziv\/godina\/7393\/#naziv\" target=\"_blank\">http:\/\/struna.ihjj.hr\/naziv\/godina\/7393\/#naziv<\/a><\/span><\/p>\n<p align=\"justify\" style=\"margin:0pt;\"><span class=\"vanjska_poveznica\"> <span class=\"vanjska_poveznica__izvor\">Kolokacijska baza hrvatskoga jezika: <\/span> <a class=\"vanjska_poveznica__poveznica\" href=\"http:\/\/ihjj.hr\/kolokacije\/search\/?q=godina&amp;search_type=basic\" target=\"_blank\">http:\/\/ihjj.hr\/kolokacije\/search\/?q=godina&amp;search_type=basic<\/a><\/span><\/p>\n<p>   <button class=\"deca_veza\"><a href=\"..\/godina-ucenici\">modul za u\u010denike<\/a><\/button><button class=\"stranci_veza\"><a href=\"..\/godina-neizvorni\">modul za osobe koje u\u010de hrvatski kao ini jezik<\/a><\/button> <\/p>\n","protected":false},"excerpt":{"rendered":"<p>Godina je razdoblje od dvanaest mjeseci, vrijeme u kojemu Zemlja obi\u0111e oko Sunca, traje od 1. sije\u010dnja do 31. prosinca.<\/p>\n","protected":false},"author":1,"featured_media":0,"comment_status":"closed","ping_status":"closed","sticky":false,"template":"","format":"standard","meta":{"footnotes":""},"categories":[5,45],"tags":[102],"class_list":["post-121878","post","type-post","status-publish","format-standard","hentry","category-osnovni","category-osnovni-g","tag-im-z"],"_links":{"self":[{"href":"https:\/\/rjecnik.hr\/mreznik\/wp-json\/wp\/v2\/posts\/121878","targetHints":{"allow":["GET"]}}],"collection":[{"href":"https:\/\/rjecnik.hr\/mreznik\/wp-json\/wp\/v2\/posts"}],"about":[{"href":"https:\/\/rjecnik.hr\/mreznik\/wp-json\/wp\/v2\/types\/post"}],"author":[{"embeddable":true,"href":"https:\/\/rjecnik.hr\/mreznik\/wp-json\/wp\/v2\/users\/1"}],"replies":[{"embeddable":true,"href":"https:\/\/rjecnik.hr\/mreznik\/wp-json\/wp\/v2\/comments?post=121878"}],"version-history":[{"count":1,"href":"https:\/\/rjecnik.hr\/mreznik\/wp-json\/wp\/v2\/posts\/121878\/revisions"}],"predecessor-version":[{"id":122157,"href":"https:\/\/rjecnik.hr\/mreznik\/wp-json\/wp\/v2\/posts\/121878\/revisions\/122157"}],"wp:attachment":[{"href":"https:\/\/rjecnik.hr\/mreznik\/wp-json\/wp\/v2\/media?parent=121878"}],"wp:term":[{"taxonomy":"category","embeddable":true,"href":"https:\/\/rjecnik.hr\/mreznik\/wp-json\/wp\/v2\/categories?post=121878"},{"taxonomy":"post_tag","embeddable":true,"href":"https:\/\/rjecnik.hr\/mreznik\/wp-json\/wp\/v2\/tags?post=121878"}],"curies":[{"name":"wp","href":"https:\/\/api.w.org\/{rel}","templated":true}]}}