{"id":121879,"date":"2025-11-24T12:04:58","date_gmt":"2025-11-24T12:04:58","guid":{"rendered":"https:\/\/rjecnik.hr\/mreznik\/godisnji\/"},"modified":"2025-11-24T16:04:53","modified_gmt":"2025-11-24T15:04:53","slug":"godisnji","status":"publish","type":"post","link":"https:\/\/rjecnik.hr\/mreznik\/godisnji\/","title":{"rendered":"godi\u0161nji"},"content":{"rendered":"<p align=\"justify\" style=\"margin:20pt 0pt 0pt 5pt;text-indent:-5pt;\"><span class=\"Lemma\"> <span class=\"Lemma__Naglaseno\">g\u00f2di\u0161nj\u012b <\/span><span class=\"Lemma__LemmaSign\">godi\u0161nji<\/span> <span class=\"Lemma__vrsta_rijeci\">prid.<\/span><span class=\"Gramaticki_blok\"><span class=\"Oblici\"> (<span class=\"Oblici__naglaseni\">G g\u00f2di\u0161nj\u0113g(a); <i>\u017e<\/i>. g\u00f2di\u0161nj\u0101, <i>s<\/i>. g\u00f2di\u0161nj\u0113<\/span>)<\/span><\/span><\/span><\/p>\n<p align=\"justify\" style=\"margin:0pt;\"><span class=\"Sense\"> <span class=\"Sense__SenseNumber\">1<\/span> <span class=\"Definicija\"><span class=\"Definicija__definicija\"> Godi\u0161nji je koji se odnosi na godinu.<\/span><\/span><span class=\"primjeri\"> <span class=\"Primjer\"\/><\/span><\/span><\/p>\n<p align=\"justify\" style=\"margin:0pt;\"><span class=\"Primjer__Primjer\"> &#8211; Gledamo li na godi\u0161njoj razini, odgovor le\u017ei u tome \u0161to je pad cijena gra\u0111evinskih zemlji\u0161ta prestigao pad cijena stanova.<\/span><\/p>\n<p> <span class=\"Primjer\"\/> <\/p>\n<p align=\"justify\" style=\"margin:0pt;\"><span class=\"Primjer__Primjer\"> &#8211; Prora\u010dun je temeljni financijski dokument u kojem su iskazani svi planirani godi\u0161nji prihodi i primitci te svi izdatci i rashodi.<\/span><\/p>\n<p align=\"justify\" style=\"margin:0pt 0pt 0pt 10pt;\"><span class=\"kolokacije\"\/><\/p>\n<p align=\"justify\" style=\"margin:0pt;\"><span class=\"Kolokacija\"> <span class=\"Kolokacija__odrednica\">\u0160to je godi\u0161nje?<\/span> <span class=\"Kolokacija__kolokacija\">izvje\u0161\u0107e, izvje\u0161taj, prihod, razina<\/span><\/span><\/p>\n<p align=\"justify\" style=\"margin:0pt;\"><span class=\"Sense\"> <span class=\"Sense__SenseNumber\">2<\/span> <span class=\"Definicija\"><span class=\"Definicija__definicija\"> Godi\u0161nji je koji se odvija ili doga\u0111a jednom svake godine.<\/span><\/span><span class=\"primjeri\"> <span class=\"Primjer\"\/><\/span><\/span><\/p>\n<p align=\"justify\" style=\"margin:0pt;\"><span class=\"Primjer__Primjer\"> &#8211; \u017delimo vam ugodan godi\u0161nji odmor.<\/span><\/p>\n<p> <span class=\"Primjer\"\/> <\/p>\n<p align=\"justify\" style=\"margin:0pt;\"><span class=\"Primjer__Primjer\"> &#8211; Tijekom pro\u0161log i ovog mjeseca na podru\u010dju na\u0161e op\u0107ine u tijeku je odr\u017eavanje godi\u0161njih vatrogasnih skup\u0161tina na\u0161ih dobrovoljnih vatrogasnih dru\u0161tava.<\/span><\/p>\n<p align=\"justify\" style=\"margin:0pt 0pt 0pt 10pt;\"><span class=\"kolokacije\"\/><\/p>\n<p align=\"justify\" style=\"margin:0pt;\"><span class=\"Kolokacija\"> <span class=\"Kolokacija__odrednica\">\u0160to je godi\u0161nje?<\/span> <span class=\"Kolokacija__kolokacija\">odmor, skup\u0161tina; godi\u0161nje doba<\/span><\/span><\/p>\n<p align=\"justify\" style=\"margin:0pt;\"><span class=\"Sense\"> <span class=\"Sense__SenseNumber\">3<\/span> <span class=\"Definicija\"><span class=\"Definicija__definicija\"> Godi\u0161nji je koji se dodjeljuje jednom svake godine.<\/span><\/span><span class=\"primjeri\"> <span class=\"Primjer\"\/><\/span><\/span><\/p>\n<p align=\"justify\" style=\"margin:0pt;\"><span class=\"Primjer__Primjer\"> &#8211; Dobitnik je presti\u017ene godi\u0161nje nagrade <span style=\"font-style:normal\">Antun Branko \u0160imi\u0107<\/span> za 2004. godinu.<\/span><\/p>\n<p align=\"justify\" style=\"margin:0pt 0pt 0pt 10pt;\"><span class=\"kolokacije\"\/><\/p>\n<p align=\"justify\" style=\"margin:0pt;\"><span class=\"Kolokacija\"> <span class=\"Kolokacija__odrednica\">\u0160to je godi\u0161nje?<\/span> <span class=\"Kolokacija__kolokacija\">nagrada, priznanje<\/span><\/span><\/p>\n<p align=\"justify\" style=\"margin:0pt;\"><span class=\"Tvorbena_raz\"\/><\/p>\n<p align=\"justify\" style=\"margin:0pt;\"> <span class=\"Tvorbena_raz__tvorba\">tvorba: godis-nji<\/span><\/p>\n<p align=\"justify\" style=\"margin:0pt;\"> <span class=\"Tvorbena_raz__mrtve_tvorenice\">tvorenice: godi\u0161njak<\/span><\/p>\n<p><span class=\"References\">TVORENICE: <a class=\"References\" href=\"..\/godisnjica\">godi\u0161njica<\/a><span class=\"referenceseparator\">, <\/span><a class=\"References\" href=\"..\/jednogodisnji\">jednogodi\u0161nji<\/a><span class=\"referenceseparator\">, <\/span><a class=\"References\" href=\"..\/dvogodisnji\">dvogodi\u0161nji<\/a><span class=\"referenceseparator\">, <\/span><a class=\"References\" href=\"..\/trogodisnji\">trogodi\u0161nji<\/a><span class=\"referenceseparator\">, <\/span><a class=\"References\" href=\"..\/cetverogodisnji\">\u010detverogodi\u0161nji<\/a><span class=\"referenceseparator\">, <\/span><a class=\"References\" href=\"..\/petogodisnji\">petogodi\u0161nji<\/a><span class=\"referenceseparator\">, <\/span><a class=\"References\" href=\"..\/desetogodisnji\">desetogodi\u0161nji<\/a><span class=\"referenceseparator\">, <\/span><a class=\"References\" href=\"..\/dvadesetogodisnji\">dvadesetogodi\u0161nji<\/a><span class=\"referenceseparator\">, <\/span><a class=\"References\" href=\"..\/tridesetogodisnji\">tridesetogodi\u0161nji<\/a><span class=\"referenceseparator\">, <\/span><a class=\"References\" href=\"..\/cetrdesetogodisnji\">\u010detrdesetogodi\u0161nji<\/a><span class=\"referenceseparator\">, <\/span><a class=\"References\" href=\"..\/pedesetogodisnji\">pedesetogodi\u0161nji<\/a><span class=\"referenceseparator\">, <\/span><a class=\"References\" href=\"..\/stogodisnji\">stogodi\u0161nji<\/a><span class=\"referenceseparator\">, <\/span><a class=\"References\" href=\"..\/visegodisnji\">vi\u0161egodi\u0161nji<\/a><\/span><\/p>\n<p align=\"justify\" style=\"margin:0pt;\"><span class=\"vanjska_poveznica\"> <span class=\"vanjska_poveznica__izvor\">Kolokacijska baza hrvatskoga jezika: <\/span> <a class=\"vanjska_poveznica__poveznica\" href=\"http:\/\/ihjj.hr\/kolokacije\/search\/?q=godi%C5%A1nji&amp;search_type=basic\" target=\"_blank\">http:\/\/ihjj.hr\/kolokacije\/search\/?q=godi%C5%A1nji&amp;search_type=basic<\/a><\/span><\/p>\n","protected":false},"excerpt":{"rendered":"<p>Godi\u0161nji je koji se odnosi na godinu.<\/p>\n","protected":false},"author":1,"featured_media":0,"comment_status":"closed","ping_status":"closed","sticky":false,"template":"","format":"standard","meta":{"footnotes":""},"categories":[5,45],"tags":[103],"class_list":["post-121879","post","type-post","status-publish","format-standard","hentry","category-osnovni","category-osnovni-g","tag-prid"],"_links":{"self":[{"href":"https:\/\/rjecnik.hr\/mreznik\/wp-json\/wp\/v2\/posts\/121879","targetHints":{"allow":["GET"]}}],"collection":[{"href":"https:\/\/rjecnik.hr\/mreznik\/wp-json\/wp\/v2\/posts"}],"about":[{"href":"https:\/\/rjecnik.hr\/mreznik\/wp-json\/wp\/v2\/types\/post"}],"author":[{"embeddable":true,"href":"https:\/\/rjecnik.hr\/mreznik\/wp-json\/wp\/v2\/users\/1"}],"replies":[{"embeddable":true,"href":"https:\/\/rjecnik.hr\/mreznik\/wp-json\/wp\/v2\/comments?post=121879"}],"version-history":[{"count":1,"href":"https:\/\/rjecnik.hr\/mreznik\/wp-json\/wp\/v2\/posts\/121879\/revisions"}],"predecessor-version":[{"id":122158,"href":"https:\/\/rjecnik.hr\/mreznik\/wp-json\/wp\/v2\/posts\/121879\/revisions\/122158"}],"wp:attachment":[{"href":"https:\/\/rjecnik.hr\/mreznik\/wp-json\/wp\/v2\/media?parent=121879"}],"wp:term":[{"taxonomy":"category","embeddable":true,"href":"https:\/\/rjecnik.hr\/mreznik\/wp-json\/wp\/v2\/categories?post=121879"},{"taxonomy":"post_tag","embeddable":true,"href":"https:\/\/rjecnik.hr\/mreznik\/wp-json\/wp\/v2\/tags?post=121879"}],"curies":[{"name":"wp","href":"https:\/\/api.w.org\/{rel}","templated":true}]}}