{"id":123431,"date":"2025-11-24T12:05:42","date_gmt":"2025-11-24T12:05:42","guid":{"rendered":"https:\/\/rjecnik.hr\/mreznik\/kapuljaca\/"},"modified":"2025-11-25T09:46:58","modified_gmt":"2025-11-25T08:46:58","slug":"kapuljaca","status":"publish","type":"post","link":"https:\/\/rjecnik.hr\/mreznik\/kapuljaca\/","title":{"rendered":"kapulja\u010da"},"content":{"rendered":"<p align=\"justify\" style=\"margin:20pt 0pt 0pt 5pt;text-indent:-5pt;\"><span class=\"Lemma\"> <span class=\"Lemma__Naglaseno\">kap\u00f9lja\u010da <\/span><span class=\"Lemma__LemmaSign\">kapulja\u010da<\/span> <span class=\"Lemma__vrsta_rijeci\">im. \u017e.<\/span><span class=\"Gramaticki_blok\"><span class=\"Oblici\"> (<span class=\"Oblici__naglaseni\">G kap\u00f9lja\u010d\u0113, DL kap\u00f9lja\u010di, A kap\u00f9lja\u010du, I kap\u00f9lja\u010d\u014dm; <i>mn<\/i>. NA kap\u00f9lja\u010de, G kap\u00f9lj\u0101\u010d\u0101, DLI kap\u00f9lja\u010dama<\/span>)<\/span><\/span><\/span><\/p>\n<p align=\"justify\" style=\"margin:0pt;\"><span class=\"Sense\"><span class=\"Definicija\"><span class=\"Definicija__definicija\"> Kapulja\u010da je dio odjevnoga predmeta koji pokriva vrat i glavu, ali ne i lice.<\/span><\/span><span class=\"primjeri\"> <span class=\"Primjer\"\/><\/span><\/span><\/p>\n<p align=\"justify\" style=\"margin:0pt;\"><span class=\"Primjer__Primjer\"> &#8211; Ve\u0107 prvog dana Zuckerberg je u\u017easnuo fond-menad\u017eere, bankare i bogate ulaga\u010de jer se pojavio u svojoj prepoznatljivoj obi\u010dnoj sportskoj majici s kapulja\u010dom.<\/span><\/p>\n<p> <span class=\"Primjer\"\/> <\/p>\n<p align=\"justify\" style=\"margin:0pt;\"><span class=\"Primjer__Primjer\"> &#8211; Kako bi se sakrila od znati\u017eeljnih pogleda, biv\u0161a je skija\u0161ica preko glave navukla crnu kapulja\u010du.<\/span><\/p>\n<p> <span class=\"Primjer\"\/> <\/p>\n<p align=\"justify\" style=\"margin:0pt;\"><span class=\"Primjer__Primjer\"> &#8211; Jakne, kapulja\u010de i kape daju dobar zaklon od hladno\u0107e, no vjetar na momente pu\u0161e orkanskom snagom te nam ote\u017eava kretanje prema naprijed.<\/span><\/p>\n<p align=\"justify\" style=\"margin:0pt 0pt 0pt 10pt;\"><span class=\"kolokacije\"\/><\/p>\n<p align=\"justify\" style=\"margin:0pt;\"><span class=\"Kolokacija\"> <span class=\"Kolokacija__odrednica\">Kakva je kapulja\u010da?<\/span> <span class=\"Kolokacija__kolokacija\">bijela, crna, tamna; krznena, podstavljena; fiksna, odvojiva, podesiva <\/span><\/span><\/p>\n<p align=\"justify\" style=\"margin:0pt;\"><span class=\"Kolokacija\"> <span class=\"Kolokacija__odrednica\">\u0160to se s kapulja\u010dom mo\u017ee?<\/span> <span class=\"Kolokacija__kolokacija\">imati je, navu\u0107i je, nositi je, skinuti je, staviti je<\/span><\/span><\/p>\n<p align=\"justify\" style=\"margin:0pt;\"><span class=\"Kolokacija\"> <span class=\"Kolokacija__odrednica\">Koordinacija:<\/span> <span class=\"Kolokacija__kolokacija\">kapulja\u010da i kapa; kapulja\u010da ili kapa<\/span><\/span><\/p>\n<p align=\"justify\" style=\"margin:0pt;\"><span class=\"Kolokacija\"> <span class=\"Kolokacija__odrednica\">U vezi s kapulja\u010dom spominje se:<\/span> <span class=\"Kolokacija__kolokacija\">(jakna, majica, trenirka, vesta) s kapulja\u010dom<\/span><\/span><\/p>\n<p align=\"justify\" style=\"margin:0pt;\"><span class=\"vanjska_poveznica\"> <span class=\"vanjska_poveznica__izvor\">Kolokacijska baza hrvatskoga jezika: <\/span> <a class=\"vanjska_poveznica__poveznica\" href=\"http:\/\/ihjj.hr\/kolokacije\/search\/?q=kapulja%C4%8Da&amp;search_type=basic\" target=\"_blank\">http:\/\/ihjj.hr\/kolokacije\/search\/?q=kapulja%C4%8Da&amp;search_type=basic<\/a><\/span><\/p>\n","protected":false},"excerpt":{"rendered":"<p>Kapulja\u010da je dio odjevnoga predmeta koji pokriva vrat i glavu, ali ne i lice.<\/p>\n","protected":false},"author":1,"featured_media":0,"comment_status":"closed","ping_status":"closed","sticky":false,"template":"","format":"standard","meta":{"footnotes":""},"categories":[5,49],"tags":[102],"class_list":["post-123431","post","type-post","status-publish","format-standard","hentry","category-osnovni","category-osnovni-k","tag-im-z"],"_links":{"self":[{"href":"https:\/\/rjecnik.hr\/mreznik\/wp-json\/wp\/v2\/posts\/123431","targetHints":{"allow":["GET"]}}],"collection":[{"href":"https:\/\/rjecnik.hr\/mreznik\/wp-json\/wp\/v2\/posts"}],"about":[{"href":"https:\/\/rjecnik.hr\/mreznik\/wp-json\/wp\/v2\/types\/post"}],"author":[{"embeddable":true,"href":"https:\/\/rjecnik.hr\/mreznik\/wp-json\/wp\/v2\/users\/1"}],"replies":[{"embeddable":true,"href":"https:\/\/rjecnik.hr\/mreznik\/wp-json\/wp\/v2\/comments?post=123431"}],"version-history":[{"count":1,"href":"https:\/\/rjecnik.hr\/mreznik\/wp-json\/wp\/v2\/posts\/123431\/revisions"}],"predecessor-version":[{"id":124063,"href":"https:\/\/rjecnik.hr\/mreznik\/wp-json\/wp\/v2\/posts\/123431\/revisions\/124063"}],"wp:attachment":[{"href":"https:\/\/rjecnik.hr\/mreznik\/wp-json\/wp\/v2\/media?parent=123431"}],"wp:term":[{"taxonomy":"category","embeddable":true,"href":"https:\/\/rjecnik.hr\/mreznik\/wp-json\/wp\/v2\/categories?post=123431"},{"taxonomy":"post_tag","embeddable":true,"href":"https:\/\/rjecnik.hr\/mreznik\/wp-json\/wp\/v2\/tags?post=123431"}],"curies":[{"name":"wp","href":"https:\/\/api.w.org\/{rel}","templated":true}]}}