{"id":123445,"date":"2025-11-24T12:05:43","date_gmt":"2025-11-24T12:05:43","guid":{"rendered":"https:\/\/rjecnik.hr\/mreznik\/karneval\/"},"modified":"2025-11-25T09:46:59","modified_gmt":"2025-11-25T08:46:59","slug":"karneval","status":"publish","type":"post","link":"https:\/\/rjecnik.hr\/mreznik\/karneval\/","title":{"rendered":"karneval"},"content":{"rendered":"<p align=\"justify\" style=\"margin:20pt 0pt 0pt 5pt;text-indent:-5pt;\"><span class=\"Lemma\"\/><\/p>\n<p align=\"justify\" style=\"margin:0pt;\"> <span class=\"Lemma__slika\"><img decoding=\"async\" border=\"0\" class=\"galerija\" src=\"https:\/\/rjecnik.hr\/mreznik\/wp-content\/uploads\/2021\/mreznik_mediji\/karneval.jpg\"\/><\/span><\/p>\n<p> <span class=\"Lemma__Naglaseno\">karn\u00e8v\u0101l <\/span><span class=\"Lemma__LemmaSign\">karneval<\/span> <span class=\"Lemma__zvuk\"> <a href=\"https:\/\/rjecnik.hr\/mreznik\/wp-content\/uploads\/2021\/mreznik_mediji\/karneval.mp3\"><img loading=\"lazy\" decoding=\"async\" border=\"0\" height=\"14\" src=\"https:\/\/rjecnik.hr\/mreznik\/wp-content\/uploads\/2021\/05\/Speaker-4.gif\" width=\"16\"\/><\/a><\/span> <span class=\"Lemma__vrsta_rijeci\">im. m.<\/span><span class=\"Gramaticki_blok\"><span class=\"Oblici\"> (<span class=\"Oblici__naglaseni\">G karnev\u00e1la, DL karnev\u00e1lu, A karn\u00e8v\u0101l, I karnev\u00e1lom; <i>mn.<\/i> N karnev\u00e1li, G karnev\u00e1l\u0101, DLI karnev\u00e1lima, A karnev\u00e1le<\/span>)<\/span><\/span> <\/p>\n<p align=\"justify\" style=\"margin:0pt;\"><span class=\"Sense\"><span class=\"Definicija\"><span class=\"Definicija__definicija\"> Karneval je pu\u010dka sve\u010danost s povorkama ma\u0161kara, kostimiranim zabavama i plesovima pod maskama, obi\u010dno se odr\u017eava u razdoblju od Sveta tri kralja od po\u010detka korizme.<\/span><\/span><span class=\"primjeri\"> <span class=\"Primjer\"\/><\/span><\/span><\/p>\n<p align=\"justify\" style=\"margin:0pt;\"><span class=\"Primjer__Primjer\"> &#8211; Krunidbom kraljice karnevala i primopredajom klju\u010da grada sino\u0107 su u Rijeci ma\u0161kare 25. put preuzele vlast u svome gradu.<\/span><\/p>\n<p> <span class=\"Primjer\"\/> <\/p>\n<p align=\"justify\" style=\"margin:0pt;\"><span class=\"Primjer__Primjer\"> &#8211; Svakako valja istaknuti da je ljetni karneval na otoku Pagu najstariji karneval na Jadranu.<\/span><\/p>\n<p> <span class=\"Primjer\"\/> <\/p>\n<p align=\"justify\" style=\"margin:0pt;\"><span class=\"Primjer__Primjer\"> &#8211; Zna\u010dajan je \u010detverodnevni ljetni karneval, vrhunac kojeg predstavlja povorka od \u010dak nekoliko tisu\u0107a maskiranih sudionika iz Hrvatske i inozemstva.<\/span><\/p>\n<p> <span class=\"Primjer\"\/> <\/p>\n<p align=\"justify\" style=\"margin:0pt;\"><span class=\"Primjer__Primjer\"> &#8211; Centar za kulturu dje\u010dji je karneval prvi put organizirao pro\u0161le godine, \u0161to je nai\u0161lo na odli\u010dan odaziv i reakcije mali\u0161ana.<\/span><\/p>\n<p> <span class=\"Primjer\"\/> <\/p>\n<p align=\"justify\" style=\"margin:0pt;\"><span class=\"Primjer__Primjer\"> &#8211; U Zemuniku je gotovo zamrla tradicija karnevala u odnosu na sela u priobalju i na otocima.<\/span><\/p>\n<p align=\"justify\" style=\"margin:0pt 0pt 0pt 10pt;\"><span class=\"kolokacije\"\/><\/p>\n<p align=\"justify\" style=\"margin:0pt;\"><span class=\"Kolokacija\"> <span class=\"Kolokacija__odrednica\">Kakav je karneval?<\/span> <span class=\"Kolokacija__kolokacija\">\u010duveni, jubilaran, ovogodi\u0161nji, poznat, tradicionalan, veliki; ljetni, zimski; dje\u010dji; gradski, me\u0111unarodni, svjetski, venecijanski, zadarski; brazilski, dubrova\u010dki, europski, gradski, me\u0111unarodni, pa\u0161ki, rije\u010dki, sinjski, splitski, <br \/><\/span><\/span><\/p>\n<p align=\"justify\" style=\"margin:0pt;\"><span class=\"Kolokacija\"> <span class=\"Kolokacija__odrednica\">\u0160to karneval mo\u017ee?<\/span> <span class=\"Kolokacija__kolokacija\">odr\u017eavati se, organizirati se, po\u010deti, trajati<\/span><\/span><\/p>\n<p align=\"justify\" style=\"margin:0pt;\"><span class=\"Kolokacija\"> <span class=\"Kolokacija__odrednica\">\u0160to se s karnevalom mo\u017ee?<\/span> <span class=\"Kolokacija__kolokacija\">organizirati ga<\/span><\/span><\/p>\n<p align=\"justify\" style=\"margin:0pt;\"><span class=\"Kolokacija\"> <span class=\"Kolokacija__odrednica\">Koordinacija:<\/span> <span class=\"Kolokacija__kolokacija\">karneval i primopredaja (klju\u010deva grada), karneval i ma\u0161kare<\/span><\/span><\/p>\n<p align=\"justify\" style=\"margin:0pt;\"><span class=\"Kolokacija\"> <span class=\"Kolokacija__odrednica\">U vezi s karnevalom spominje se:<\/span> <span class=\"Kolokacija__kolokacija\">dani, duh, kraj, kraljica, me\u0161tar, odr\u017eavanje, organizacija, organizator, po\u010detak, princ, sudionik, tema, tradicija, trajanje, vrijeme, zavr\u0161etak<\/span><\/span><\/p>\n<p align=\"justify\" style=\"margin:0pt;\"><span class=\"Tvorbena_raz\"\/><\/p>\n<p align=\"justify\" style=\"margin:0pt;\"> <span class=\"Tvorbena_raz__mrtve_tvorenice\">tvorenice: karnevalski<\/span><\/p>\n<p>   <button class=\"deca_veza\"><a href=\"..\/karneval-ucenici\">modul za u\u010denike<\/a><\/button> <\/p>\n","protected":false},"excerpt":{"rendered":"<p>Karneval je pu\u010dka sve\u010danost s povorkama ma\u0161kara, kostimiranim zabavama i plesovima pod maskama, obi\u010dno se odr\u017eava u razdoblju od Sveta tri kralja od po\u010detka korizme.<\/p>\n","protected":false},"author":1,"featured_media":0,"comment_status":"closed","ping_status":"closed","sticky":false,"template":"","format":"standard","meta":{"footnotes":""},"categories":[5,49],"tags":[98],"class_list":["post-123445","post","type-post","status-publish","format-standard","hentry","category-osnovni","category-osnovni-k","tag-im-m"],"_links":{"self":[{"href":"https:\/\/rjecnik.hr\/mreznik\/wp-json\/wp\/v2\/posts\/123445","targetHints":{"allow":["GET"]}}],"collection":[{"href":"https:\/\/rjecnik.hr\/mreznik\/wp-json\/wp\/v2\/posts"}],"about":[{"href":"https:\/\/rjecnik.hr\/mreznik\/wp-json\/wp\/v2\/types\/post"}],"author":[{"embeddable":true,"href":"https:\/\/rjecnik.hr\/mreznik\/wp-json\/wp\/v2\/users\/1"}],"replies":[{"embeddable":true,"href":"https:\/\/rjecnik.hr\/mreznik\/wp-json\/wp\/v2\/comments?post=123445"}],"version-history":[{"count":1,"href":"https:\/\/rjecnik.hr\/mreznik\/wp-json\/wp\/v2\/posts\/123445\/revisions"}],"predecessor-version":[{"id":124077,"href":"https:\/\/rjecnik.hr\/mreznik\/wp-json\/wp\/v2\/posts\/123445\/revisions\/124077"}],"wp:attachment":[{"href":"https:\/\/rjecnik.hr\/mreznik\/wp-json\/wp\/v2\/media?parent=123445"}],"wp:term":[{"taxonomy":"category","embeddable":true,"href":"https:\/\/rjecnik.hr\/mreznik\/wp-json\/wp\/v2\/categories?post=123445"},{"taxonomy":"post_tag","embeddable":true,"href":"https:\/\/rjecnik.hr\/mreznik\/wp-json\/wp\/v2\/tags?post=123445"}],"curies":[{"name":"wp","href":"https:\/\/api.w.org\/{rel}","templated":true}]}}