{"id":123495,"date":"2025-11-24T12:05:46","date_gmt":"2025-11-24T12:05:46","guid":{"rendered":"https:\/\/rjecnik.hr\/mreznik\/kci\/"},"modified":"2025-11-25T09:47:04","modified_gmt":"2025-11-25T08:47:04","slug":"kci","status":"publish","type":"post","link":"https:\/\/rjecnik.hr\/mreznik\/kci\/","title":{"rendered":"k\u0107i"},"content":{"rendered":"<p align=\"justify\" style=\"margin:20pt 0pt 0pt 5pt;text-indent:-5pt;\"><span class=\"Lemma\"> <span class=\"Lemma__Naglaseno\">k\u0107\u020b <\/span><span class=\"Lemma__LemmaSign\">k\u0107i<\/span> <span class=\"Lemma__zvuk\"> <a href=\"https:\/\/rjecnik.hr\/mreznik\/wp-content\/uploads\/2021\/mreznik_mediji\/k&#x107;i.mp3\"><img loading=\"lazy\" decoding=\"async\" border=\"0\" height=\"14\" src=\"https:\/\/rjecnik.hr\/mreznik\/wp-content\/uploads\/2021\/05\/Speaker-4.gif\" width=\"16\"\/><\/a><\/span> <span class=\"Lemma__vrsta_rijeci\">im. \u017e.<\/span><span class=\"Gramaticki_blok\"><span class=\"Oblici\"> (<span class=\"Oblici__naglaseni\">GDLV k\u0107\u0205ri, A k\u0107\u0207r, I k\u0107\u0205rju\/k\u0107\u0205ri; <i>mn<\/i>. NAV k\u0107\u0205ri, G k\u0107\u00e8r\u012b, DLI k\u0107\u00e8rima<\/span>)<\/span><\/span><\/span><\/p>\n<p align=\"justify\" style=\"margin:0pt;\"><span class=\"Sense\"> <span class=\"Sense__SenseNumber\">1<\/span> <span class=\"Definicija\"><span class=\"Definicija__definicija\"> K\u0107i je \u017eensko dijete u odnosu na roditelje.<\/span><\/span><span class=\"primjeri\"> <span class=\"Primjer\"\/><\/span><\/span><\/p>\n<p align=\"justify\" style=\"margin:0pt;\"><span class=\"Primjer__Primjer\"> &#8211; Dvojac danas ima dvoje djece, sedmogodi\u0161njeg sina Gri\u0161u i dvogodi\u0161nju k\u0107er Irinu.<\/span><\/p>\n<p> <span class=\"Primjer\"\/> <\/p>\n<p align=\"justify\" style=\"margin:0pt;\"><span class=\"Primjer__Primjer\"> &#8211; Protiv 48-godi\u0161njaka policija je podnijela kaznenu prijavu jer je zbog neodr\u017eavanja plinskog bojlera doveo u opasnost \u017eivot svoje maloljetne k\u0107eri. <\/span><\/p>\n<p> <span class=\"Primjer\"\/> <\/p>\n<p align=\"justify\" style=\"margin:0pt;\"><span class=\"Primjer__Primjer\"> &#8211; Iza mene je sjedalica za moju mla\u0111u k\u0107er.<\/span><\/p>\n<p align=\"justify\" style=\"margin:0pt 0pt 0pt 10pt;\"><span class=\"kolokacije\"\/><\/p>\n<p align=\"justify\" style=\"margin:0pt;\"><span class=\"Kolokacija\"> <span class=\"Kolokacija__odrednica\">Kakva je k\u0107i?<\/span> <span class=\"Kolokacija__kolokacija\">izvanbra\u010dna, malodobna, maloljetna, posvojena, x-godi\u0161nja; kraljeva k\u0107i, predsjednikova k\u0107i; k\u0107i glumca, k\u0107i pjeva\u010da, k\u0107i Toma Cruisea<\/span><\/span><\/p>\n<p align=\"justify\" style=\"margin:0pt;\"><span class=\"Kolokacija\"> <span class=\"Kolokacija__odrednica\">Koordinacija:<\/span> <span class=\"Kolokacija__kolokacija\">majka i k\u0107i, mama i k\u0107i, mu\u017e i k\u0107i, o\u010devi i k\u0107eri, otac i k\u0107i, sin i k\u0107i, sestra i k\u0107i, suprug i k\u0107i, supruga i k\u0107i, tata i k\u0107i, unuk i k\u0107i, unuka i k\u0107i, zet i k\u0107i, \u017eena i k\u0107i <\/span><\/span><\/p>\n<p align=\"justify\" style=\"margin:0pt;\"><span class=\"Poveznice\"> <a class=\"References\">MU\u0160KO:  <\/a><a class=\"References\" href=\"..\/sin\">sin<\/a> :1, SINONIMI:  <a class=\"References\" href=\"..\/kcer\">k\u0107er<\/a> :1<span class=\"referenceseparator\">, <\/span><a class=\"References\" href=\"..\/kcerka\">k\u0107erka<\/a> :1<\/span><\/p>\n<p align=\"justify\" style=\"margin:0pt;\"><span class=\"Subentry\"><span class=\"Subentry__LemmaSign\"> mamina k\u0107i<\/span><\/span><\/p>\n<p align=\"justify\" style=\"margin:0pt;\"><span class=\"Sense\"> <span class=\"Sense__SenseNumber\">1<\/span> <span class=\"Definicija\"><span class=\"Definicija__definicija\"> Mamina k\u0107i k\u0107i je privr\u017eena majci.<\/span><\/span><span class=\"primjeri\"> <span class=\"Primjer\"\/><\/span><\/span><\/p>\n<p align=\"justify\" style=\"margin:0pt;\"><span class=\"Primjer__Primjer\"> &#8211; To joj je o\u010dito bolna to\u010dka, moje odrastanje, moja veza, \u010dinjenica da nisam vi\u0161e mamina k\u0107i i da nije vi\u0161e samo ona ta koju volim, nego je sada tu ON za kojeg bih sve napravila.<\/span><\/p>\n<p align=\"justify\" style=\"margin:0pt 0pt 0pt 10pt;\"><span class=\"kolokacije\"\/><\/p>\n<p align=\"justify\" style=\"margin:0pt;\"><span class=\"Kolokacija\"> <span class=\"Kolokacija__odrednica\">Kakva je mamina k\u0107i?<\/span> <span class=\"Kolokacija__kolokacija\">divna, dobra, privr\u017eena<\/span><\/span><\/p>\n<p align=\"justify\" style=\"margin:0pt;\"><span class=\"Sense\"> <span class=\"Sense__SenseNumber\">2<\/span> <span class=\"Definicija\"><span class=\"Definicija__definicija\"> Mamina k\u0107i k\u0107i je veoma nalik na majku.<\/span><\/span><span class=\"primjeri\"> <span class=\"Primjer\"\/><\/span><\/span><\/p>\n<p align=\"justify\" style=\"margin:0pt;\"><span class=\"Primjer__Primjer\"> &#8211; Rodila se Sara, divna, puna energije i mamina k\u0107i. <\/span><\/p>\n<p> <span class=\"Primjer\"\/> <\/p>\n<p align=\"justify\" style=\"margin:0pt;\"><span class=\"Primjer__Primjer\"> &#8211; Shiloh je naslijedila o\u010deve plave o\u010di i pr\u0107asti nos, a maj\u010dine napu\u0107ene usne, zbog \u010dega mediji ka\u017eu da je prava mamina k\u0107i.<\/span><\/p>\n<p align=\"justify\" style=\"margin:0pt 0pt 0pt 10pt;\"><span class=\"kolokacije\"\/><\/p>\n<p align=\"justify\" style=\"margin:0pt;\"><span class=\"Kolokacija\"> <span class=\"Kolokacija__odrednica\">Kakva je mamina k\u0107i?<\/span> <span class=\"Kolokacija__kolokacija\">prava<\/span><\/span><\/p>\n<p align=\"justify\" style=\"margin:0pt;\"><span class=\"Kolokacija\"> <span class=\"Kolokacija__odrednica\">Koordinacija:<\/span> <span class=\"Kolokacija__kolokacija\">mamina i tatina k\u0107i<\/span><\/span><\/p>\n<p align=\"justify\" style=\"margin:0pt;\"><span class=\"Uporaba\">\u25e6 <span class=\"Uporaba__uporaba\">Iako bi se moglo o\u010dekivati da su izrazi <i>mamina k\u0107i<\/i> i <i>mamin sin<\/i> u antonimnome odnosu, izraz <i>mamin sin<\/i> upotrebljava se isklju\u010divo u negativnome kontekstu, naj\u010de\u0161\u0107e u kontekstu koji uklju\u010duje suparni\u0161tvo dviju \u017eena: njegove djevojke ili \u017eene te njegove majke. \u00a0<\/span><\/span><\/p>\n<p align=\"justify\" style=\"margin:0pt;\"><span class=\"Sense\"> <span class=\"Sense__SenseNumber\">2<\/span> <span class=\"Sense__strucna_odrednica\">rel.<\/span> <span class=\"Sense__ograda\">(V)<\/span><span class=\"Definicija\"><span class=\"Definicija__definicija\"> K\u0107i je \u017eenska osoba u sve\u0107enikovu, Bo\u017ejemu ili Marijinu obra\u0107anju.<\/span><\/span><span class=\"primjeri\"> <span class=\"Primjer\"\/><\/span><\/span><\/p>\n<p align=\"justify\" style=\"margin:0pt;\"><span class=\"Primjer__Primjer\"> &#8211; E k\u0107eri moja, veli \u017eupnik, nisi se ti odrekla grijeha ve\u0107 se grijeh odrekao tebe.<\/span><\/p>\n<p> <span class=\"Primjer\"\/> <\/p>\n<p align=\"justify\" style=\"margin:0pt;\"><span class=\"Primjer__Primjer\"> &#8211; Ako te ne razapnu, k\u0107eri moja, ne\u0107e\u0161 sa mnom uskrsnuti.<\/span><\/p>\n<p> <span class=\"Primjer\"\/> <\/p>\n<p align=\"justify\" style=\"margin:0pt;\"><span class=\"Primjer__Primjer\"> &#8211; Sveti Vinko sa smije\u0161kom odvrati: K\u0107eri moja, nije voda koju sam ti dao iz samostanskog bunara proizvela to \u010dudo, nego samo tvoja \u0161utnja. <\/span><\/p>\n<p> <span class=\"Primjer\"\/> <\/p>\n<p align=\"justify\" style=\"margin:0pt;\"><span class=\"Primjer__Primjer\"> &#8211; Marija je u tom ukazanju Luciji 4 puta spomenula svoje srce i izjavila da Bog ho\u0107e da se ta pobo\u017enost pro\u0161iri po svem svijetu; rekla je: \u201eGledaj, k\u0107eri moja, moje srce probodeno trnjem \u0161to ga ljudi zabadaju svaki \u010das svojim psovkama i nezahvalnostima.\u201d<\/span><\/p>\n<p align=\"justify\" style=\"margin:0pt;\"><span class=\"Poveznice\"> <a class=\"References\">MU\u0160KO:  <\/a><a class=\"References\" href=\"..\/sin\">sin<\/a> :2<\/span><\/p>\n<p align=\"justify\" style=\"margin:0pt;\"><span class=\"Sense\"> <span class=\"Sense__SenseNumber\">3<\/span> <span class=\"Sense__ograda\">(V)<\/span><span class=\"Definicija\"><span class=\"Definicija__definicija\"> K\u0107i je \u017eenska osoba u obra\u0107anju starijega mu\u0161karca ili \u017eene.<\/span><\/span><span class=\"primjeri\"> <span class=\"Primjer\"\/><\/span><\/span><\/p>\n<p align=\"justify\" style=\"margin:0pt;\"><span class=\"Primjer__Primjer\"> &#8211; Ne boj se, k\u0107eri moja \u2013 umiri Ambroz snahu.<\/span><\/p>\n<p align=\"justify\" style=\"margin:0pt;\"><span class=\"Poveznice\"> <a class=\"References\">MU\u0160KO:  <\/a><a class=\"References\" href=\"..\/sin\">sin<\/a> :3, SINONIMI:  <a class=\"References\" href=\"..\/kcer\">k\u0107er<\/a> :1<span class=\"referenceseparator\">, <\/span><a class=\"References\" href=\"..\/kcerka\">k\u0107erka<\/a> :1<\/span><\/p>\n<p align=\"justify\" style=\"margin:0pt;\"><span class=\"Subentry\"><span class=\"Subentry__LemmaSign\"> K\u0107eri milosr\u0111a<\/span><\/span><\/p>\n<p align=\"justify\" style=\"margin:0pt;\"><span class=\"Sense\"> <span class=\"Sense__strucna_odrednica\">rel.<\/span><span class=\"Definicija\"><span class=\"Definicija__definicija\">  K\u0107eri milosr\u0111a sestrinski su red, punim imenom Dru\u017eba k\u0107eri milosr\u0111a, redovni\u010dka zajednica koju je 1920. u Blatu na Kor\u010duli osnovala bla\u017eena Marija od Propetoga Isusa Petkovi\u0107.<\/span><\/span><span class=\"primjeri\"> <span class=\"Primjer\"\/><\/span><\/span><\/p>\n<p align=\"justify\" style=\"margin:0pt;\"><span class=\"Primjer__Primjer\"> &#8211; I sve ovo zajedno bio je pravi povod za razgovor uz kavu sa s. Berislavom \u017dmak, vrhovnom poglavaricom K\u0107eri milosr\u0111a, jedine autenti\u010dne hrvatske redovni\u010dke zajednice koja bogatstvo i poslanje Crkve \u017eivi na razli\u010ditim kontinentima i u razli\u010ditim kulturama, piju\u0107i s izvora Bo\u017eje ljubavi \u2013 na hrvatskom tlu.<\/span><\/p>\n<p> <span class=\"Primjer\"\/> <\/p>\n<p align=\"justify\" style=\"margin:0pt;\"><span class=\"Primjer__Primjer\"> &#8211; Na teritoriju \u017eupe nalaze se jo\u0161 ove kapele: sv. Ane na groblju, koja je podignuta 1886., bolni\u010dka kapela sv. Elizabete Ugarske i kapela bl. Marije Petkovi\u0107 u Samostanu sestara K\u0107eri milosr\u0111a.<\/span><\/p>\n<p align=\"justify\" style=\"margin:0pt 0pt 0pt 10pt;\"><span class=\"kolokacije\"\/><\/p>\n<p align=\"justify\" style=\"margin:0pt;\"><span class=\"Kolokacija\"> <span class=\"Kolokacija__odrednica\">\u0160to se sa K\u0107erima milosr\u0111a mo\u017ee?<\/span> <span class=\"Kolokacija__kolokacija\">osnovati ih, utemeljiti ih<\/span><\/span><\/p>\n<p align=\"justify\" style=\"margin:0pt;\"><span class=\"Kolokacija\"> <span class=\"Kolokacija__odrednica\">U vezi s K\u0107erima milosr\u0111a spominje se:<\/span> <span class=\"Kolokacija__kolokacija\">dru\u017eba, ku\u0107a, obitelj, poglavarica, provincija, samostan, sestra, suutemeljiteljica, zajednica, zavod<\/span><\/span><\/p>\n<p align=\"justify\" style=\"margin:0pt;\"><span class=\"Normativna_nap\">\u2022 <span class=\"Normativna_nap__napomena\">Imenica <i>k\u0107er<\/i> ne pripada hrvatskomu standardnom jeziku. Hrvatskomu standardnom jeziku pripada imenica <i>k\u0107i<\/i>, koja u akuzativu glasi <i>k\u0107er<\/i>. U standardnome jeziku nominativ imenice kojom se ozna\u010duje \u017eensko dijete u odnosu na roditelje je <i>k\u0107i<\/i> (<i>To je moja k\u0107i.<\/i>), a <i>k\u0107er<\/i> je akuzativ te imenice (<i>Upoznao sam njegovu k\u0107er.<\/i>). <\/span><\/span><\/p>\n<p align=\"justify\" style=\"margin:0pt;\"><span class=\"Tvorbena_raz\"> <a class=\"References\">TVORENICA: <\/a><a class=\"References\" href=\"..\/kcerin\">k\u0107erin<\/a><\/span><\/p>\n<p align=\"justify\" style=\"margin:0pt;\"><span class=\"vanjska_poveznica\"> <span class=\"vanjska_poveznica__izvor\">Hrvatski jezik: <\/span> <a class=\"vanjska_poveznica__poveznica\" href=\"https:\/\/hrcak.srce.hr\/index.php?show=clanak&amp;id_clanak_jezik=253813\" target=\"_blank\">https:\/\/hrcak.srce.hr\/index.php?show=clanak&amp;id_clanak_jezik=253813<\/a><\/span><\/p>\n<p align=\"justify\" style=\"margin:0pt;\"><span class=\"vanjska_poveznica\"> <span class=\"vanjska_poveznica__izvor\">Kolokacijska baza hrvatskoga jezika: <\/span> <a class=\"vanjska_poveznica__poveznica\" href=\"http:\/\/ihjj.hr\/kolokacije\/search\/?q=k%C4%87i&amp;search_type=basic\" target=\"_blank\">http:\/\/ihjj.hr\/kolokacije\/search\/?q=k%C4%87i&amp;search_type=basic<\/a><\/span><\/p>\n<p>   <button class=\"deca_veza\"><a href=\"..\/kci-ucenici\">modul za u\u010denike<\/a><\/button><button class=\"stranci_veza\"><a href=\"..\/kci-neizvorni\">modul za osobe koje u\u010de hrvatski kao ini jezik<\/a><\/button> <\/p>\n","protected":false},"excerpt":{"rendered":"<p>K\u0107i je \u017eensko dijete u odnosu na roditelje.<\/p>\n","protected":false},"author":1,"featured_media":0,"comment_status":"closed","ping_status":"closed","sticky":false,"template":"","format":"standard","meta":{"footnotes":""},"categories":[5,49],"tags":[102],"class_list":["post-123495","post","type-post","status-publish","format-standard","hentry","category-osnovni","category-osnovni-k","tag-im-z"],"_links":{"self":[{"href":"https:\/\/rjecnik.hr\/mreznik\/wp-json\/wp\/v2\/posts\/123495","targetHints":{"allow":["GET"]}}],"collection":[{"href":"https:\/\/rjecnik.hr\/mreznik\/wp-json\/wp\/v2\/posts"}],"about":[{"href":"https:\/\/rjecnik.hr\/mreznik\/wp-json\/wp\/v2\/types\/post"}],"author":[{"embeddable":true,"href":"https:\/\/rjecnik.hr\/mreznik\/wp-json\/wp\/v2\/users\/1"}],"replies":[{"embeddable":true,"href":"https:\/\/rjecnik.hr\/mreznik\/wp-json\/wp\/v2\/comments?post=123495"}],"version-history":[{"count":1,"href":"https:\/\/rjecnik.hr\/mreznik\/wp-json\/wp\/v2\/posts\/123495\/revisions"}],"predecessor-version":[{"id":124127,"href":"https:\/\/rjecnik.hr\/mreznik\/wp-json\/wp\/v2\/posts\/123495\/revisions\/124127"}],"wp:attachment":[{"href":"https:\/\/rjecnik.hr\/mreznik\/wp-json\/wp\/v2\/media?parent=123495"}],"wp:term":[{"taxonomy":"category","embeddable":true,"href":"https:\/\/rjecnik.hr\/mreznik\/wp-json\/wp\/v2\/categories?post=123495"},{"taxonomy":"post_tag","embeddable":true,"href":"https:\/\/rjecnik.hr\/mreznik\/wp-json\/wp\/v2\/tags?post=123495"}],"curies":[{"name":"wp","href":"https:\/\/api.w.org\/{rel}","templated":true}]}}