{"id":123553,"date":"2025-11-24T12:05:50","date_gmt":"2025-11-24T12:05:50","guid":{"rendered":"https:\/\/rjecnik.hr\/mreznik\/klarinetisticki\/"},"modified":"2025-11-25T09:47:09","modified_gmt":"2025-11-25T08:47:09","slug":"klarinetisticki","status":"publish","type":"post","link":"https:\/\/rjecnik.hr\/mreznik\/klarinetisticki\/","title":{"rendered":"klarinetisti\u010dki"},"content":{"rendered":"<p align=\"justify\" style=\"margin:20pt 0pt 0pt 5pt;text-indent:-5pt;\"><span class=\"Lemma\"> <span class=\"Lemma__Naglaseno\">klarinet\u00ecsti\u010dk\u012b  <\/span><span class=\"Lemma__LemmaSign\">klarinetisti\u010dki<\/span> <span class=\"Lemma__vrsta_rijeci\">prid.<\/span><span class=\"Gramaticki_blok\"><span class=\"Oblici\"> (<span class=\"Oblici__naglaseni\">G klarinet\u00ecsti\u010dk\u014dg(a); <i>\u017e<\/i>. klarinet\u00ecsti\u010dk\u0101, <i>s.<\/i> klarinet\u00ecsti\u010dk\u014d<\/span>)<\/span><\/span><\/span><\/p>\n<p align=\"justify\" style=\"margin:0pt;\"><span class=\"Sense\"><span class=\"Definicija\"><span class=\"Definicija__definicija\"> Klarinetisti\u010dki je koji se odnosi n klarinete i klarinetiste.<\/span><\/span><span class=\"primjeri\"> <span class=\"Primjer\"\/><\/span><\/span><\/p>\n<p align=\"justify\" style=\"margin:0pt;\"><span class=\"Primjer__Primjer\"> &#8211; Sonata Brune Bjelinskog za\u017eivjela je na ovoj kompaktnoj plo\u010di kao dio pomno odabranih skladbi za klarinet i pokazala da se zahvaljuju\u0107i svojim glazbenim odlikama mo\u017ee svrstati me\u0111u najljep\u0161e skladbe klarinetisti\u010dkog repertoara.<\/span><\/p>\n<p> <span class=\"Primjer\"\/> <\/p>\n<p align=\"justify\" style=\"margin:0pt;\"><span class=\"Primjer__Primjer\"> &#8211; Kao najzna\u010dajniji uspjesi u njegovoj klarinetisti\u010dkoj karijeri mogu se izdvojiti recital u kultnoj nizozemskoj dvorani De Iijsbreker, 40 recitala po \u0160panjolskoj te snimka djela <span style=\"font-style:normal\">Snake Charmer<\/span> Sr\u0111ana Dedi\u0107a, koja je posredovanjem UNESCO-a obi\u0161la 22 svjetske radiopostaje.<\/span><\/p>\n<p align=\"justify\" style=\"margin:0pt 0pt 0pt 10pt;\"><span class=\"kolokacije\"\/><\/p>\n<p align=\"justify\" style=\"margin:0pt;\"><span class=\"Kolokacija\"> <span class=\"Kolokacija__odrednica\">\u0160to je klarinetisti\u010dko?<\/span> <span class=\"Kolokacija__kolokacija\">repertoar, trio, virtuoz<\/span><\/span><\/p>\n<p align=\"justify\" style=\"margin:0pt;\"><span class=\"Tvorbena_raz\"\/><\/p>\n<p align=\"justify\" style=\"margin:0pt;\"> <span class=\"Tvorbena_raz__tvorba\">tvorba: klarinetist-i\u010dki<\/span><\/p>\n","protected":false},"excerpt":{"rendered":"<p>Klarinetisti\u010dki je koji se odnosi n klarinete i klarinetiste.<\/p>\n","protected":false},"author":1,"featured_media":0,"comment_status":"closed","ping_status":"closed","sticky":false,"template":"","format":"standard","meta":{"footnotes":""},"categories":[5,49],"tags":[103],"class_list":["post-123553","post","type-post","status-publish","format-standard","hentry","category-osnovni","category-osnovni-k","tag-prid"],"_links":{"self":[{"href":"https:\/\/rjecnik.hr\/mreznik\/wp-json\/wp\/v2\/posts\/123553","targetHints":{"allow":["GET"]}}],"collection":[{"href":"https:\/\/rjecnik.hr\/mreznik\/wp-json\/wp\/v2\/posts"}],"about":[{"href":"https:\/\/rjecnik.hr\/mreznik\/wp-json\/wp\/v2\/types\/post"}],"author":[{"embeddable":true,"href":"https:\/\/rjecnik.hr\/mreznik\/wp-json\/wp\/v2\/users\/1"}],"replies":[{"embeddable":true,"href":"https:\/\/rjecnik.hr\/mreznik\/wp-json\/wp\/v2\/comments?post=123553"}],"version-history":[{"count":1,"href":"https:\/\/rjecnik.hr\/mreznik\/wp-json\/wp\/v2\/posts\/123553\/revisions"}],"predecessor-version":[{"id":124185,"href":"https:\/\/rjecnik.hr\/mreznik\/wp-json\/wp\/v2\/posts\/123553\/revisions\/124185"}],"wp:attachment":[{"href":"https:\/\/rjecnik.hr\/mreznik\/wp-json\/wp\/v2\/media?parent=123553"}],"wp:term":[{"taxonomy":"category","embeddable":true,"href":"https:\/\/rjecnik.hr\/mreznik\/wp-json\/wp\/v2\/categories?post=123553"},{"taxonomy":"post_tag","embeddable":true,"href":"https:\/\/rjecnik.hr\/mreznik\/wp-json\/wp\/v2\/tags?post=123553"}],"curies":[{"name":"wp","href":"https:\/\/api.w.org\/{rel}","templated":true}]}}