{"id":123642,"date":"2025-11-24T12:05:55","date_gmt":"2025-11-24T12:05:55","guid":{"rendered":"https:\/\/rjecnik.hr\/mreznik\/kolaz\/"},"modified":"2025-11-25T09:47:15","modified_gmt":"2025-11-25T08:47:15","slug":"kolaz","status":"publish","type":"post","link":"https:\/\/rjecnik.hr\/mreznik\/kolaz\/","title":{"rendered":"kola\u017e"},"content":{"rendered":"<p align=\"justify\" style=\"margin:20pt 0pt 0pt 5pt;text-indent:-5pt;\"><span class=\"Lemma\"> <span class=\"Lemma__Naglaseno\">k\u00f2l\u0101\u017e <\/span><span class=\"Lemma__LemmaSign\">kola\u017e<\/span> <span class=\"Lemma__zvuk\"> <a href=\"https:\/\/rjecnik.hr\/mreznik\/wp-content\/uploads\/2021\/mreznik_mediji\/kolaz.mp3\"><img loading=\"lazy\" decoding=\"async\" border=\"0\" height=\"14\" src=\"https:\/\/rjecnik.hr\/mreznik\/wp-content\/uploads\/2021\/05\/Speaker-4.gif\" width=\"16\"\/><\/a><\/span> <span class=\"Lemma__vrsta_rijeci\">im. m.<\/span><span class=\"Gramaticki_blok\"><span class=\"Oblici\"> (<span class=\"Oblici__naglaseni\">G kol\u00e1\u017ea, DL kol\u00e1\u017eu, A k\u00f2l\u0101\u017e, I kol\u00e1\u017eem; <i>mn.<\/i> N kol\u00e1\u017ei, G kol\u00e1\u017e\u0101, DLI kol\u00e1\u017eima, A kol\u00e1\u017ee<\/span>)<\/span><\/span><\/span><\/p>\n<p align=\"justify\" style=\"margin:0pt;\"><span class=\"Sense\"> <span class=\"Sense__SenseNumber\">1<\/span> <span class=\"Sense__strucna_odrednica\">lik.<\/span><span class=\"Definicija\"><span class=\"Definicija__definicija\"> Kola\u017e je likovna tehnika u kojoj se na plohu lijepe komadi papira, novina, tkanina, ko\u017ee, ilustracija ili fotografija.<\/span><\/span><span class=\"primjeri\"> <span class=\"Primjer\"\/><\/span><\/span><\/p>\n<p align=\"justify\" style=\"margin:0pt;\"><span class=\"Primjer__Primjer\"> &#8211; Impozantni su njeni debeli slojevi boje (naj\u010de\u0161\u0107e je rije\u010d o tehnici akrila, tempere ili kola\u017ea), iskri\u010davost, bjelilo i plavetnilo Mediterana&#8230;<\/span><\/p>\n<p> <span class=\"Primjer\"\/> <\/p>\n<p align=\"justify\" style=\"margin:0pt;\"><span class=\"Primjer__Primjer\"> &#8211; Na kraju su u\u010denici i u\u010denice tehnikom kola\u017ea izradili plakat u kojem su kori\u0161teni prona\u0111eni materijali.<\/span><\/p>\n<p> <span class=\"Primjer\"\/> <\/p>\n<p align=\"justify\" style=\"margin:0pt;\"><span class=\"Primjer__Primjer\"> &#8211; Treba izvesti skicu u 1 \u2013 3 boje u tehnici tempere ili kola\u017ea.<\/span><\/p>\n<p> <span class=\"Primjer\"\/> <\/p>\n<p align=\"justify\" style=\"margin:0pt;\"><span class=\"Primjer__Primjer\"> &#8211; Kako je rije\u010d o tehnici kola\u017ea, mogu\u0107e su dvojbe glede uspje\u0161nosti kori\u0161tenja ikonografskih sadr\u017eaja.<\/span><\/p>\n<p> <span class=\"Primjer\"\/> <\/p>\n<p align=\"justify\" style=\"margin:0pt;\"><span class=\"Primjer__Primjer\"> &#8211; Njihov rad u tehnici kola\u017ea osvojio je drugo mjesto.<\/span><\/p>\n<p align=\"justify\" style=\"margin:0pt 0pt 0pt 10pt;\"><span class=\"kolokacije\"\/><\/p>\n<p align=\"justify\" style=\"margin:0pt;\"><span class=\"Kolokacija\"> <span class=\"Kolokacija__odrednica\">U vezi s kola\u017eem spominje se:<\/span> <span class=\"Kolokacija__kolokacija\">tehnika<\/span><\/span><\/p>\n<p align=\"justify\" style=\"margin:0pt;\"><span class=\"Sense\"> <span class=\"Sense__SenseNumber\">2<\/span> <span class=\"Sense__stilska_odrednica\">pren.<\/span><span class=\"Definicija\"><span class=\"Definicija__definicija\"> Kola\u017e je umjetni\u010dko djelo u istoimenoj tehnici.<\/span><\/span><span class=\"primjeri\"> <span class=\"Primjer\"\/><\/span><\/span><\/p>\n<p align=\"justify\" style=\"margin:0pt;\"><span class=\"Primjer__Primjer\"> &#8211; Njegova posljednja serija zanimljivih kola\u017ea u kojem spaja fotografske tehnike, i slikarstvo s umetnutim fragmentima razli\u010ditih detalja i materijala stvaraju\u0107i jedinstvene pri\u010de, odu\u0161evila je ve\u0107 mnoge ljubitelje umjetnosti u New Yorku.<\/span><\/p>\n<p> <span class=\"Primjer\"\/> <\/p>\n<p align=\"justify\" style=\"margin:0pt;\"><span class=\"Primjer__Primjer\"> &#8211; Slike, kola\u017ei i crte\u017ei tvore cjelinu s rije\u010dima, dokumentima.<\/span><\/p>\n<p> <span class=\"Primjer\"\/> <\/p>\n<p align=\"justify\" style=\"margin:0pt;\"><span class=\"Primjer__Primjer\"> &#8211; Me\u0111u izlo\u0161cima je najvi\u0161e akrila, akvarela i kola\u017ea kojima je tematika oto\u010dna, masline i more, ali isto tako i cvjetni motivi, mrtve prirode i apstrakcije.<\/span><\/p>\n<p align=\"justify\" style=\"margin:0pt 0pt 0pt 10pt;\"><span class=\"kolokacije\"\/><\/p>\n<p align=\"justify\" style=\"margin:0pt;\"><span class=\"Kolokacija\"> <span class=\"Kolokacija__odrednica\">\u0160to se s kola\u017eom mo\u017ee?<\/span> <span class=\"Kolokacija__kolokacija\">izlo\u017eiti ga, napraviti ga, predstaviti se njime, raditi ga<\/span><\/span><\/p>\n<p align=\"justify\" style=\"margin:0pt;\"><span class=\"Kolokacija\"> <span class=\"Kolokacija__odrednica\">Koordinacija:<\/span> <span class=\"Kolokacija__kolokacija\">crte\u017e i kola\u017e<\/span><\/span><\/p>\n<p align=\"justify\" style=\"margin:0pt;\"><span class=\"Kolokacija\"> <span class=\"Kolokacija__odrednica\">U vezi s kola\u017eem spominje se:<\/span> <span class=\"Kolokacija__kolokacija\">izrada, izlo\u017eba, serija kola\u017ea<\/span><\/span><\/p>\n<p align=\"justify\" style=\"margin:0pt;\"><span class=\"Sense\"> <span class=\"Sense__SenseNumber\">3<\/span> <span class=\"Sense__stilska_odrednica\">pren.<\/span><span class=\"Definicija\"><span class=\"Definicija__definicija\"> Kola\u017e je mje\u0161avina, splet \u010dega.<\/span><\/span><span class=\"primjeri\"> <span class=\"Primjer\"\/><\/span><\/span><\/p>\n<p align=\"justify\" style=\"margin:0pt;\"><span class=\"Primjer__Primjer\"> &#8211; Za temu je odabrala obi\u010daje, pa ovogodi\u0161nji scenski kola\u017e nosi naziv <span style=\"font-style:normal\">\u010cuvat \u0107emo tvoje obi\u010daje<\/span>.<\/span><\/p>\n<p> <span class=\"Primjer\"\/> <\/p>\n<p align=\"justify\" style=\"margin:0pt;\"><span class=\"Primjer__Primjer\"> &#8211; Njezin je tekst zanimljiv kola\u017e sastavljen od prisje\u0107anja.<\/span><\/p>\n<p> <span class=\"Primjer\"\/> <\/p>\n<p align=\"justify\" style=\"margin:0pt;\"><span class=\"Primjer__Primjer\"> &#8211; Objedinili su na albumu neopsihodeliju, funk, ma\u0161tovite zvu\u010dne kola\u017ee i <span style=\"font-style:normal\">breakove<\/span>, potpisuju\u0107i pravi i vrlo utjecajan trans\u017eanrovski projekt.<\/span><\/p>\n<p align=\"justify\" style=\"margin:0pt 0pt 0pt 10pt;\"><span class=\"kolokacije\"\/><\/p>\n<p align=\"justify\" style=\"margin:0pt;\"><span class=\"Kolokacija\"> <span class=\"Kolokacija__odrednica\">Kakav je kola\u017e?<\/span> <span class=\"Kolokacija__kolokacija\">glazbeni, plesni, scenski, zvu\u010dni; kola\u017e fotografija, kola\u017e tekstova<\/span><\/span><\/p>\n<p align=\"justify\" style=\"margin:0pt;\"><span class=\"Kolokacija\"> <span class=\"Kolokacija__odrednica\">U vezi s kola\u017eem spominje se:<\/span> <span class=\"Kolokacija__kolokacija\">izlo\u017eba, izrada<\/span><\/span><\/p>\n<p align=\"justify\" style=\"margin:0pt;\"><span class=\"Tvorbena_raz\"\/><\/p>\n<p align=\"justify\" style=\"margin:0pt;\"> <span class=\"Tvorbena_raz__mrtve_tvorenice\">tvorenice: kola\u017eni<\/span><\/p>\n<p>   <button class=\"deca_veza\"><a href=\"..\/kolaz-ucenici\">modul za u\u010denike<\/a><\/button> <\/p>\n","protected":false},"excerpt":{"rendered":"<p>Kola\u017e je likovna tehnika u kojoj se na plohu lijepe komadi papira, novina, tkanina, ko\u017ee, ilustracija ili fotografija.<\/p>\n","protected":false},"author":1,"featured_media":0,"comment_status":"closed","ping_status":"closed","sticky":false,"template":"","format":"standard","meta":{"footnotes":""},"categories":[5,49],"tags":[98],"class_list":["post-123642","post","type-post","status-publish","format-standard","hentry","category-osnovni","category-osnovni-k","tag-im-m"],"_links":{"self":[{"href":"https:\/\/rjecnik.hr\/mreznik\/wp-json\/wp\/v2\/posts\/123642","targetHints":{"allow":["GET"]}}],"collection":[{"href":"https:\/\/rjecnik.hr\/mreznik\/wp-json\/wp\/v2\/posts"}],"about":[{"href":"https:\/\/rjecnik.hr\/mreznik\/wp-json\/wp\/v2\/types\/post"}],"author":[{"embeddable":true,"href":"https:\/\/rjecnik.hr\/mreznik\/wp-json\/wp\/v2\/users\/1"}],"replies":[{"embeddable":true,"href":"https:\/\/rjecnik.hr\/mreznik\/wp-json\/wp\/v2\/comments?post=123642"}],"version-history":[{"count":1,"href":"https:\/\/rjecnik.hr\/mreznik\/wp-json\/wp\/v2\/posts\/123642\/revisions"}],"predecessor-version":[{"id":124274,"href":"https:\/\/rjecnik.hr\/mreznik\/wp-json\/wp\/v2\/posts\/123642\/revisions\/124274"}],"wp:attachment":[{"href":"https:\/\/rjecnik.hr\/mreznik\/wp-json\/wp\/v2\/media?parent=123642"}],"wp:term":[{"taxonomy":"category","embeddable":true,"href":"https:\/\/rjecnik.hr\/mreznik\/wp-json\/wp\/v2\/categories?post=123642"},{"taxonomy":"post_tag","embeddable":true,"href":"https:\/\/rjecnik.hr\/mreznik\/wp-json\/wp\/v2\/tags?post=123642"}],"curies":[{"name":"wp","href":"https:\/\/api.w.org\/{rel}","templated":true}]}}