{"id":123671,"date":"2025-11-24T12:05:57","date_gmt":"2025-11-24T12:05:57","guid":{"rendered":"https:\/\/rjecnik.hr\/mreznik\/komentirati\/"},"modified":"2025-11-25T09:47:16","modified_gmt":"2025-11-25T08:47:16","slug":"komentirati","status":"publish","type":"post","link":"https:\/\/rjecnik.hr\/mreznik\/komentirati\/","title":{"rendered":"komentirati"},"content":{"rendered":"<p align=\"justify\" style=\"margin:20pt 0pt 0pt 5pt;text-indent:-5pt;\"><span class=\"Lemma\"> <span class=\"Lemma__Naglaseno\">koment\u00edrati <\/span><span class=\"Lemma__LemmaSign\">komentirati<\/span> <span class=\"Lemma__vrsta_rijeci\">gl. dvov. prijel.<\/span><span class=\"Gramaticki_blok\"><span class=\"Oblici\"> (<span class=\"Oblici__naglaseni\"><i>prez. jd. 1. l.<\/i> kom\u00e8nt\u012br\u0101m, <i>2. l.<\/i> kom\u00e8nt\u012br\u0101\u0161, <i>3. l.<\/i> kom\u00e8nt\u012br\u0101, <i>mn. 1. l<\/i>. kom\u00e8nt\u012br\u0101mo, <i>2. l. <\/i>kom\u00e8nt\u012br\u0101te, <i>3. l<\/i>. koment\u00edraj\u016b;<i> imp.<\/i> kom\u00e8nt\u012br\u0101j; <i>aor.<\/i> koment\u00edrah; <i>imperf<\/i>. kom\u00e8nt\u012br\u0101h; <i>prid. r. m<\/i>. koment\u00edrao, <i>\u017e.<\/i> koment\u00edrala, <i>s.<\/i> koment\u00edralo; <i>pril. s. <\/i>koment\u00edraj\u016b\u0107i; <i>pril. p.<\/i> koment\u00edr\u0101v\u0161i<\/span>)<\/span><\/span><\/span><\/p>\n<p align=\"justify\" style=\"margin:0pt;\"><span class=\"Sense\"> <span class=\"Sense__SenseNumber\">1<\/span> <span class=\"Definicija\"><span class=\"Definicija__definicija\"> Komentirati zna\u010di izre\u0107i\/izricati svoje mi\u0161ljenje o \u010demu.<\/span><\/span><span class=\"primjeri\"> <span class=\"Primjer\"\/><\/span><\/span><\/p>\n<p align=\"justify\" style=\"margin:0pt;\"><span class=\"Primjer__Primjer\"> &#8211; Glumica nije \u017eeljela komentirati vijest o svojemu razvodu.<\/span><\/p>\n<p> <span class=\"Primjer\"\/> <\/p>\n<p align=\"justify\" style=\"margin:0pt;\"><span class=\"Primjer__Primjer\"> &#8211; Kako ovo promjenjivo vrijeme komentiraju gra\u0111ani, te prognozu za ljeto, pogledajte u videoprilogu.<\/span><\/p>\n<p> <span class=\"Primjer\"\/> <\/p>\n<p align=\"justify\" style=\"margin:0pt;\"><span class=\"Primjer__Primjer\"> &#8211; Studenti \u010desto komentiraju kako zbog opsega literature koju trebaju nau\u010diti ne stignu poha\u0111ati predavanja te zapravo cijele dane provode u knji\u017enicama.<\/span><\/p>\n<p> <span class=\"Primjer\"\/> <\/p>\n<p align=\"justify\" style=\"margin:0pt;\"><span class=\"Primjer__Primjer\"> &#8211; Natjecanje je odr\u017eano u sportskoj dvorani na\u0161e \u0161kole gdje su se natjecatelji na kraju, uz zakusku, ugodno podru\u017eili i komentirali rezultate. <\/span><\/p>\n<p align=\"justify\" style=\"margin:0pt 0pt 0pt 10pt;\"><span class=\"kolokacije\"\/><\/p>\n<p align=\"justify\" style=\"margin:0pt;\"><span class=\"Kolokacija\"> <span class=\"Kolokacija__odrednica\">Tko komentira?<\/span> <span class=\"Kolokacija__kolokacija\">glumica, gra\u0111ani, ljudi, studenti <\/span><\/span><\/p>\n<p align=\"justify\" style=\"margin:0pt;\"><span class=\"Kolokacija\"> <span class=\"Kolokacija__odrednica\">\u0160to komentira?<\/span> <span class=\"Kolokacija__kolokacija\">napis, navode, rezultat, stanje, vijest, vrijeme<\/span><\/span><\/p>\n<p align=\"justify\" style=\"margin:0pt;\"><span class=\"Kolokacija\"> <span class=\"Kolokacija__odrednica\">Kako komentira?<\/span> <span class=\"Kolokacija__kolokacija\">slu\u017ebeno<\/span><\/span><\/p>\n<p align=\"justify\" style=\"margin:0pt;\"><span class=\"Kolokacija\"> <span class=\"Kolokacija__odrednica\">Koordinacija:<\/span> <span class=\"Kolokacija__kolokacija\">komentirati i pogledati, komentirati i pro\u010ditati<\/span><\/span><\/p>\n<p align=\"justify\" style=\"margin:0pt;\"><span class=\"Sense\"> <span class=\"Sense__SenseNumber\">2<\/span> <span class=\"Definicija\"><span class=\"Definicija__definicija\"> Komentirati zna\u010di izre\u0107i\/izricati svoje mi\u0161ljenje o \u010demu u obliku novinarskoga ili stru\u010dnoga komentara.<\/span><\/span><span class=\"primjeri\"> <span class=\"Primjer\"\/><\/span><\/span><\/p>\n<p align=\"justify\" style=\"margin:0pt;\"><span class=\"Primjer__Primjer\"> &#8211; Svake nedjelje vodi i jednu od najgledanijih sportskih emisija na svijetu, u kojoj komentira aktualne nogometne utakmice.<\/span><\/p>\n<p> <span class=\"Primjer\"\/> <\/p>\n<p align=\"justify\" style=\"margin:0pt;\"><span class=\"Primjer__Primjer\"> &#8211; Izvjestitelj podsje\u0107a na glave to\u010dke svog nacrta izvje\u0161\u0107a i komentira podnesene amandmane.<\/span><\/p>\n<p> <span class=\"Primjer\"\/> <\/p>\n<p align=\"justify\" style=\"margin:0pt;\"><span class=\"Primjer__Primjer\"> &#8211; Jedan od najistaknutijih sportskih komentatora s ovih podru\u010dja u nedjelju \u0107e komentirati igru na\u0161ih Vatrenih i ma\u0111arske nogometne reprezentacije.<\/span><\/p>\n<p> <span class=\"Primjer\"\/> <\/p>\n<p align=\"justify\" style=\"margin:0pt;\"><span class=\"Primjer__Primjer\"> &#8211; Sama tvrtka odbila je slu\u017ebeno komentirati pojedinosti oko izbora novih \u010dlanova Uprave, potvrdiv\u0161i samo da \u0107e javnost o svemu biti obavije\u0161tena kada predlo\u017eene kandidate potvrdi Nadzorni odbor.<\/span><\/p>\n<p> <span class=\"Primjer\"\/> <\/p>\n<p align=\"justify\" style=\"margin:0pt;\"><span class=\"Primjer__Primjer\"> &#8211; Urednica vanjske politike pi\u0161e, ure\u0111uje, komentira, intervjuira, leti avionima i slije\u0107e po svjetskim aerodromima te je \u010dudesno aktivna na dru\u0161tvenim mre\u017eama. <\/span><\/p>\n<p> <span class=\"Primjer\"\/> <\/p>\n<p align=\"justify\" style=\"margin:0pt;\"><span class=\"Primjer__Primjer\"> &#8211; Vidljivo je kako u Hrvatskoj ve\u0107 sada postoje udruge koje mediji zovu kako bi komentirale odre\u0111ene doga\u0111aje u dru\u0161tvu, a bitno je da takvih udruga bude \u0161to vi\u0161e.<\/span><\/p>\n<p align=\"justify\" style=\"margin:0pt 0pt 0pt 10pt;\"><span class=\"kolokacije\"\/><\/p>\n<p align=\"justify\" style=\"margin:0pt;\"><span class=\"Kolokacija\"> <span class=\"Kolokacija__odrednica\">Tko komentira?<\/span> <span class=\"Kolokacija__kolokacija\">glasnogovornik, gradona\u010delnik, izvjestitelj, komentator, mediji, ministar, policija, premijer, premijerka, urednica<\/span><\/span><\/p>\n<p align=\"justify\" style=\"margin:0pt;\"><span class=\"Kolokacija\"> <span class=\"Kolokacija__odrednica\">\u0160to komentira?<\/span> <span class=\"Kolokacija__kolokacija\">doga\u0111aj, izbore, odluku, presudu, stanje, pojedinosti, utakmicu, vijest, zbivanja<\/span><\/span><\/p>\n<p align=\"justify\" style=\"margin:0pt;\"><span class=\"Kolokacija\"> <span class=\"Kolokacija__odrednica\">Kako komentira?<\/span> <span class=\"Kolokacija__kolokacija\">\u010desto, glasno, stalno<\/span><\/span><\/p>\n<p align=\"justify\" style=\"margin:0pt;\"><span class=\"Kolokacija\"> <span class=\"Kolokacija__odrednica\">Koordinacija:<\/span> <span class=\"Kolokacija__kolokacija\">komentirati i kritizirati, komentirati i ocjenjivati, komentirati i odgovarati, komentirati i pisati, komentirati i raspravljati, komentirati i ure\u0111ivati<\/span><\/span><\/p>\n<p align=\"justify\" style=\"margin:0pt;\"><span class=\"Tvorbena_raz\"\/><\/p>\n<p align=\"justify\" style=\"margin:0pt;\"> <span class=\"Tvorbena_raz__tvorba\">tvorba: koment-irati<\/span><\/p>\n<p align=\"justify\" style=\"margin:0pt;\"><span class=\"vanjska_poveznica\"> <span class=\"vanjska_poveznica__izvor\">Kolokacijska baza hrvatskoga jezika: <\/span> <a class=\"vanjska_poveznica__poveznica\" href=\"http:\/\/ihjj.hr\/kolokacije\/search\/?q=komentirati&amp;search_type=basic\" target=\"_blank\">http:\/\/ihjj.hr\/kolokacije\/search\/?q=komentirati&amp;search_type=basic<\/a><\/span><\/p>\n","protected":false},"excerpt":{"rendered":"<p>Komentirati zna\u010di izre\u0107i\/izricati svoje mi\u0161ljenje o \u010demu.<\/p>\n","protected":false},"author":1,"featured_media":0,"comment_status":"closed","ping_status":"closed","sticky":false,"template":"","format":"standard","meta":{"footnotes":""},"categories":[5,49],"tags":[104],"class_list":["post-123671","post","type-post","status-publish","format-standard","hentry","category-osnovni","category-osnovni-k","tag-gl-dvov-prijel"],"_links":{"self":[{"href":"https:\/\/rjecnik.hr\/mreznik\/wp-json\/wp\/v2\/posts\/123671","targetHints":{"allow":["GET"]}}],"collection":[{"href":"https:\/\/rjecnik.hr\/mreznik\/wp-json\/wp\/v2\/posts"}],"about":[{"href":"https:\/\/rjecnik.hr\/mreznik\/wp-json\/wp\/v2\/types\/post"}],"author":[{"embeddable":true,"href":"https:\/\/rjecnik.hr\/mreznik\/wp-json\/wp\/v2\/users\/1"}],"replies":[{"embeddable":true,"href":"https:\/\/rjecnik.hr\/mreznik\/wp-json\/wp\/v2\/comments?post=123671"}],"version-history":[{"count":1,"href":"https:\/\/rjecnik.hr\/mreznik\/wp-json\/wp\/v2\/posts\/123671\/revisions"}],"predecessor-version":[{"id":124303,"href":"https:\/\/rjecnik.hr\/mreznik\/wp-json\/wp\/v2\/posts\/123671\/revisions\/124303"}],"wp:attachment":[{"href":"https:\/\/rjecnik.hr\/mreznik\/wp-json\/wp\/v2\/media?parent=123671"}],"wp:term":[{"taxonomy":"category","embeddable":true,"href":"https:\/\/rjecnik.hr\/mreznik\/wp-json\/wp\/v2\/categories?post=123671"},{"taxonomy":"post_tag","embeddable":true,"href":"https:\/\/rjecnik.hr\/mreznik\/wp-json\/wp\/v2\/tags?post=123671"}],"curies":[{"name":"wp","href":"https:\/\/api.w.org\/{rel}","templated":true}]}}