{"id":123694,"date":"2025-11-24T12:05:59","date_gmt":"2025-11-24T12:05:59","guid":{"rendered":"https:\/\/rjecnik.hr\/mreznik\/koncert\/"},"modified":"2025-11-25T09:47:17","modified_gmt":"2025-11-25T08:47:17","slug":"koncert","status":"publish","type":"post","link":"https:\/\/rjecnik.hr\/mreznik\/koncert\/","title":{"rendered":"koncert"},"content":{"rendered":"<p align=\"justify\" style=\"margin:20pt 0pt 0pt 5pt;text-indent:-5pt;\"><span class=\"Lemma\"\/><\/p>\n<p align=\"justify\" style=\"margin:0pt;\"> <span class=\"Lemma__slika\"><img decoding=\"async\" border=\"0\" class=\"galerija\" src=\"https:\/\/rjecnik.hr\/mreznik\/wp-content\/uploads\/2021\/mreznik_mediji\/koncert.jpg\"\/><\/span><\/p>\n<p> <span class=\"Lemma__Naglaseno\">k\u00f2ncert <\/span><span class=\"Lemma__LemmaSign\">koncert<\/span> <span class=\"Lemma__zvuk\"> <a href=\"https:\/\/rjecnik.hr\/mreznik\/wp-content\/uploads\/2021\/mreznik_mediji\/koncert.mp3\"><img loading=\"lazy\" decoding=\"async\" border=\"0\" height=\"14\" src=\"https:\/\/rjecnik.hr\/mreznik\/wp-content\/uploads\/2021\/05\/Speaker-4.gif\" width=\"16\"\/><\/a><\/span> <span class=\"Lemma__vrsta_rijeci\">im. m.<\/span><span class=\"Gramaticki_blok\"><span class=\"Oblici\"> (<span class=\"Oblici__naglaseni\">G k\u00f2ncerta, DL k\u00f2ncertu, A k\u00f2ncert, I k\u00f2ncertom; <i>mn.<\/i> N k\u00f2ncerti, G k\u00f2ncer\u0101t\u0101, DLI k\u00f2ncertima, A k\u00f2ncerte<\/span>)<\/span><\/span> <\/p>\n<p align=\"justify\" style=\"margin:0pt;\"><span class=\"Sense\"> <span class=\"Sense__SenseNumber\">1<\/span> <span class=\"Sense__strucna_odrednica\">glazb.<\/span><span class=\"Definicija\"><span class=\"Definicija__definicija\"> Koncert je javna izvedba glazbenoga djela pred publikom.<\/span><\/span><span class=\"primjeri\"> <span class=\"Primjer\"\/><\/span><\/span><\/p>\n<p align=\"justify\" style=\"margin:0pt;\"><span class=\"Primjer__Primjer\"> &#8211; Atmosfera nabijena posebnim emocijama nije prestala od po\u010detka koncerta do samoga kraja, kada je publika Ninu vra\u0107ala dugim aplauzom na <span style=\"font-style:normal\">bis<\/span>.<\/span><\/p>\n<p> <span class=\"Primjer\"\/> <\/p>\n<p align=\"justify\" style=\"margin:0pt;\"><span class=\"Primjer__Primjer\"> &#8211; Trodnevna me\u0111unarodna manifestacija <span style=\"font-style:normal\">Dani ukrajinske kulture<\/span> zavr\u0161ila je danas, u nedjelju, sve\u010danim koncertom u Hrvatskom domu Vukovar.<\/span><\/p>\n<p> <span class=\"Primjer\"\/> <\/p>\n<p align=\"justify\" style=\"margin:0pt;\"><span class=\"Primjer__Primjer\"> &#8211; U organizaciji Pu\u010dkog otvorenog u\u010dili\u0161ta odr\u017ean je koncert za Valentinovo na kojem su sudjelovala djeca svih generacija.<\/span><\/p>\n<p align=\"justify\" style=\"margin:0pt 0pt 0pt 10pt;\"><span class=\"kolokacije\"\/><\/p>\n<p align=\"justify\" style=\"margin:0pt;\"><span class=\"Kolokacija\"> <span class=\"Kolokacija__odrednica\">Kakav je koncert?<\/span> <span class=\"Kolokacija__kolokacija\">besplatan, bo\u017ei\u0107ni, cijeli, cjelove\u010dernji, dobar, dobrotvorni, dvosatni, humanitarni, najavljen, novogodi\u0161nji, odli\u010dan, odr\u017ean, posljednji, povratni\u010dki, prigodan, rasprodan, <i>rock<\/i>-koncert, samostalni, sino\u0107nji, spektakularan, sve\u010dan, tradicionalan, uspje\u0161an, velik, zagreba\u010dki, zavr\u0161ni; koncert benda <i>razg<\/i>., koncert grupe, koncert klape, koncert u\u010denika (glazbene \u0161kole), koncert zbora<\/span><\/span><\/p>\n<p align=\"justify\" style=\"margin:0pt;\"><span class=\"Kolokacija\"> <span class=\"Kolokacija__odrednica\">\u0160to se s koncertom mo\u017ee?<\/span> <span class=\"Kolokacija__kolokacija\">gledati ga, imati ga, najaviti ga, napraviti ga, o\u010dekivati ga, odr\u017eati ga, organizirati ga, otkazati ga, otvoriti ga, posjetiti ga, pripremiti ga, prirediti ga, propustiti ga, rasprodati ga, slu\u0161ati ga<\/span><\/span><\/p>\n<p align=\"justify\" style=\"margin:0pt;\"><span class=\"Kolokacija\"> <span class=\"Kolokacija__odrednica\">Koordinacija:<\/span> <span class=\"Kolokacija__kolokacija\">koncert i festival, koncert i izlo\u017eba, koncert i predstava, koncert i turneja, koncert i zabava<\/span><\/span><\/p>\n<p align=\"justify\" style=\"margin:0pt;\"><span class=\"Kolokacija\"> <span class=\"Kolokacija__odrednica\">U vezi s koncertom spominje se:<\/span> <span class=\"Kolokacija__kolokacija\">dio, kraj, odr\u017eavanje, organizator, po\u010detak, posjetitelj, program, vrijeme; niz koncerata<\/span><\/span><\/p>\n<p align=\"justify\" style=\"margin:0pt;\"><span class=\"Sense\"> <span class=\"Sense__SenseNumber\">2<\/span> <span class=\"Sense__strucna_odrednica\">glazb.<\/span><span class=\"Definicija\"><span class=\"Definicija__definicija\"> Koncert je skladba za soliste i orkestar u tri stavka.<\/span><\/span><span class=\"primjeri\"> <span class=\"Primjer\"\/><\/span><\/span><\/p>\n<p align=\"justify\" style=\"margin:0pt;\"><span class=\"Primjer__Primjer\"> &#8211; Ludwig van Beethoven bio je 23-godi\u0161nji student Josepha Haydna kada je godine 1793. skladao <span style=\"font-style:normal\">Koncert za obou u F-duru<\/span>.<\/span><\/p>\n<p> <span class=\"Primjer\"\/> <\/p>\n<p align=\"justify\" style=\"margin:0pt;\"><span class=\"Primjer__Primjer\"> &#8211; U baroku je koncert imao 3 ili 4 stavka. <\/span><\/p>\n<p> <span class=\"Primjer\"\/> <\/p>\n<p align=\"justify\" style=\"margin:0pt;\"><span class=\"Primjer__Primjer\"> &#8211; Ve\u0107 u 14. godini svirao je na dru\u0161tvenom koncertu Hrvatskoga glazbenog zavoda uz pratnju orkestra, gdje je izveo Dvo\u0159\u00e1kov koncert za violinu i orkestar u a-molu.<\/span><\/p>\n<p align=\"justify\" style=\"margin:0pt 0pt 0pt 10pt;\"><span class=\"kolokacije\"\/><\/p>\n<p align=\"justify\" style=\"margin:0pt;\"><span class=\"Kolokacija\"> <span class=\"Kolokacija__odrednica\">Kakav je koncert?<\/span> <span class=\"Kolokacija__kolokacija\">koncert za obou, koncert za orkestar, koncert za violinu<\/span><\/span><\/p>\n<p align=\"justify\" style=\"margin:0pt;\"><span class=\"Kolokacija\"> <span class=\"Kolokacija__odrednica\">\u0160to se s koncertom mo\u017ee?<\/span> <span class=\"Kolokacija__kolokacija\">izvesti ga, odsvirati ga, skladati ga<\/span><\/span><\/p>\n<p align=\"justify\" style=\"margin:0pt;\"><span class=\"Tvorbena_raz\"\/><\/p>\n<p align=\"justify\" style=\"margin:0pt;\"> <span class=\"Tvorbena_raz__mrtve_tvorenice\">tvorenice: d\u017eez-koncert <i>razg.<\/i>, <i>jazz<\/i>-koncert <i>razg.<\/i>, koncert-majstor, koncertni, <i>rock<\/i>-koncert <i>razg.<\/i><\/span><\/p>\n<p align=\"justify\" style=\"margin:0pt;\"><span class=\"vanjska_poveznica\"> <span class=\"vanjska_poveznica__izvor\">Kolokacijska baza hrvatskoga jezika: <\/span> <a class=\"vanjska_poveznica__poveznica\" href=\"http:\/\/ihjj.hr\/kolokacije\/search\/?q=koncert&amp;search_type=basic\" target=\"_blank\">http:\/\/ihjj.hr\/kolokacije\/search\/?q=koncert&amp;search_type=basic<\/a><\/span><\/p>\n<p align=\"justify\" style=\"margin:0pt;\"><span class=\"vanjska_poveznica\"> <span class=\"vanjska_poveznica__izvor\">Baza hrvatskih morfolo\u0161kih dubleta (DvojBa): <\/span> <a class=\"vanjska_poveznica__poveznica\" href=\"http:\/\/dublete.jezik.hr\/morph\/lemma\/5\/\" target=\"_blank\">http:\/\/dublete.jezik.hr\/morph\/lemma\/5\/<\/a><\/span><\/p>\n<p>   <button class=\"deca_veza\"><a href=\"..\/koncert-ucenici\">modul za u\u010denike<\/a><\/button><button class=\"stranci_veza\"><a href=\"..\/koncert-neizvorni\">modul za osobe koje u\u010de hrvatski kao ini jezik<\/a><\/button> <\/p>\n","protected":false},"excerpt":{"rendered":"<p>Koncert je javna izvedba glazbenoga djela pred publikom.<\/p>\n","protected":false},"author":1,"featured_media":0,"comment_status":"closed","ping_status":"closed","sticky":false,"template":"","format":"standard","meta":{"footnotes":""},"categories":[5,49],"tags":[98],"class_list":["post-123694","post","type-post","status-publish","format-standard","hentry","category-osnovni","category-osnovni-k","tag-im-m"],"_links":{"self":[{"href":"https:\/\/rjecnik.hr\/mreznik\/wp-json\/wp\/v2\/posts\/123694","targetHints":{"allow":["GET"]}}],"collection":[{"href":"https:\/\/rjecnik.hr\/mreznik\/wp-json\/wp\/v2\/posts"}],"about":[{"href":"https:\/\/rjecnik.hr\/mreznik\/wp-json\/wp\/v2\/types\/post"}],"author":[{"embeddable":true,"href":"https:\/\/rjecnik.hr\/mreznik\/wp-json\/wp\/v2\/users\/1"}],"replies":[{"embeddable":true,"href":"https:\/\/rjecnik.hr\/mreznik\/wp-json\/wp\/v2\/comments?post=123694"}],"version-history":[{"count":1,"href":"https:\/\/rjecnik.hr\/mreznik\/wp-json\/wp\/v2\/posts\/123694\/revisions"}],"predecessor-version":[{"id":124326,"href":"https:\/\/rjecnik.hr\/mreznik\/wp-json\/wp\/v2\/posts\/123694\/revisions\/124326"}],"wp:attachment":[{"href":"https:\/\/rjecnik.hr\/mreznik\/wp-json\/wp\/v2\/media?parent=123694"}],"wp:term":[{"taxonomy":"category","embeddable":true,"href":"https:\/\/rjecnik.hr\/mreznik\/wp-json\/wp\/v2\/categories?post=123694"},{"taxonomy":"post_tag","embeddable":true,"href":"https:\/\/rjecnik.hr\/mreznik\/wp-json\/wp\/v2\/tags?post=123694"}],"curies":[{"name":"wp","href":"https:\/\/api.w.org\/{rel}","templated":true}]}}