{"id":123709,"date":"2025-11-24T12:06:00","date_gmt":"2025-11-24T12:06:00","guid":{"rendered":"https:\/\/rjecnik.hr\/mreznik\/kontraadmiral\/"},"modified":"2025-11-25T09:47:18","modified_gmt":"2025-11-25T08:47:18","slug":"kontraadmiral","status":"publish","type":"post","link":"https:\/\/rjecnik.hr\/mreznik\/kontraadmiral\/","title":{"rendered":"kontraadmiral"},"content":{"rendered":"<p align=\"justify\" style=\"margin:20pt 0pt 0pt 5pt;text-indent:-5pt;\"><span class=\"Lemma\"> <span class=\"Lemma__Naglaseno\">kontraadm\u00ecr\u0101l <\/span><span class=\"Lemma__LemmaSign\">kontraadmiral<\/span> <span class=\"Lemma__vrsta_rijeci\">im. m.<\/span><span class=\"Gramaticki_blok\"><span class=\"Oblici\"> (<span class=\"Oblici__naglaseni\">GA kontraadmir\u00e1la, DL kontradmir\u00e1lu, V k\u020dntraadmir\u0101le, I kontraadmir\u00e1lom; <i>mn<\/i>. NV kontraadmir\u00e1li, G kontraadmir\u00e1l\u0101, DLI kontraadmir\u00e1lima, A kontraadmir\u00e1le<\/span>)<\/span><\/span><\/span><\/p>\n<p align=\"justify\" style=\"margin:0pt;\"><span class=\"Sense\"> <span class=\"Sense__SenseNumber\">1<\/span> <span class=\"Sense__strucna_odrednica\">vojn.<\/span> <span class=\"Sense__ograda\">(jd.)<\/span><span class=\"Definicija\"><span class=\"Definicija__definicija\"> Kontraadmiral je admiralski vojni \u010din, nadre\u0111en \u010dinu komodora, a podre\u0111en \u010dinu kontraadmirala.<\/span><\/span><span class=\"primjeri\"> <span class=\"Primjer\"\/><\/span><\/span><\/p>\n<p align=\"justify\" style=\"margin:0pt;\"><span class=\"Primjer__Primjer\"> &#8211; Poslije tridesetogodi\u0161njeg obna\u0161anja raznih zapovjedni\u010dkih du\u017enosti Florio je umirovljen u \u010dinu kontraadmirala.<\/span><\/p>\n<p align=\"justify\" style=\"margin:0pt 0pt 0pt 10pt;\"><span class=\"kolokacije\"\/><\/p>\n<p align=\"justify\" style=\"margin:0pt;\"><span class=\"Kolokacija\"> <span class=\"Kolokacija__odrednica\">U vezi s kontraadmiralom spominje se:<\/span> <span class=\"Kolokacija__kolokacija\">\u010din<\/span><\/span><\/p>\n<p align=\"justify\" style=\"margin:0pt;\"><span class=\"Sense\"> <span class=\"Sense__SenseNumber\">2<\/span> <span class=\"Sense__strucna_odrednica\">vojn.<\/span><span class=\"Definicija\"><span class=\"Definicija__definicija\"> Kontraadmiral je odrasla bez obzira na spol ili mu\u0161karac s istoimenim \u010dinom.<\/span><\/span><span class=\"primjeri\"> <span class=\"Primjer\"\/><\/span><\/span><\/p>\n<p align=\"justify\" style=\"margin:0pt;\"><span class=\"Primjer__Primjer\"> &#8211; Umirovljenom kontraadmiralu zasmetao je harmonika\u0161ev repertoar, pa je u vi\u0161e navrata ulazio u restoran i poru\u010divao kako ne \u017eeli slu\u0161ati narodnjake, ve\u0107 dalmatinsku glazbu.<\/span><\/p>\n<p> <span class=\"Primjer\"\/> <\/p>\n<p align=\"justify\" style=\"margin:0pt;\"><span class=\"Primjer__Primjer\"> &#8211; Princeza Anne po\u010dasni je kontraadmiral u Britanskoj kraljevskoj mornarici.<\/span><\/p>\n<p> <span class=\"Primjer\"\/> <\/p>\n<p align=\"justify\" style=\"margin:0pt;\"><span class=\"Primjer__Primjer\"> &#8211; \u0160vedski kontraadmiral Grenstad podsjetio je kako je \u0160vedska kraljevska ratna mornarica sudjelovala u operaciji <span style=\"font-style:normal\">ATALANTA <\/span>s \u010detiri broda u dva kontingenta.<\/span><\/p>\n<p align=\"justify\" style=\"margin:0pt 0pt 0pt 10pt;\"><span class=\"kolokacije\"\/><\/p>\n<p align=\"justify\" style=\"margin:0pt;\"><span class=\"Kolokacija\"> <span class=\"Kolokacija__odrednica\">Kakav je kontraadmiral?<\/span> <span class=\"Kolokacija__kolokacija\">umirovljeni; po\u010dasni; austrougarski, izraelski, kanadski, \u0161panjolski, \u0161vedski<\/span><\/span><\/p>\n<p align=\"justify\" style=\"margin:0pt;\"><span class=\"Kolokacija\"> <span class=\"Kolokacija__odrednica\">\u0160to se s kontraadmiralom mo\u017ee?<\/span> <span class=\"Kolokacija__kolokacija\">imenovati ga, umiroviti ga<\/span><\/span><\/p>\n<p align=\"justify\" style=\"margin:0pt;\"><span class=\"Kolokacija\"> <span class=\"Kolokacija__odrednica\">Koordinacija:<\/span> <span class=\"Kolokacija__kolokacija\">viceadmirali i kontraadmirali<\/span><\/span><\/p>\n<p align=\"justify\" style=\"margin:0pt;\"><span class=\"Kolokacija\"> <span class=\"Kolokacija__odrednica\">U vezi s admiralom spominje se:<\/span> <span class=\"Kolokacija__kolokacija\">pratnja, sto\u017eer, umirovljenje, zapovjedni\u0161tvo<\/span><\/span><\/p>\n<p align=\"justify\" style=\"margin:0pt;\"><span class=\"Tvorbena_raz\"\/><\/p>\n<p align=\"justify\" style=\"margin:0pt;\"> <span class=\"Tvorbena_raz__mrtve_tvorenice\">tvorenice: kontraadmiralica, kontraadmiralov, kontraadmiralski<\/span><\/p>\n","protected":false},"excerpt":{"rendered":"<p>Kontraadmiral je admiralski vojni \u010din, nadre\u0111en \u010dinu komodora, a podre\u0111en \u010dinu kontraadmirala.<\/p>\n","protected":false},"author":1,"featured_media":0,"comment_status":"closed","ping_status":"closed","sticky":false,"template":"","format":"standard","meta":{"footnotes":""},"categories":[5,49],"tags":[98],"class_list":["post-123709","post","type-post","status-publish","format-standard","hentry","category-osnovni","category-osnovni-k","tag-im-m"],"_links":{"self":[{"href":"https:\/\/rjecnik.hr\/mreznik\/wp-json\/wp\/v2\/posts\/123709","targetHints":{"allow":["GET"]}}],"collection":[{"href":"https:\/\/rjecnik.hr\/mreznik\/wp-json\/wp\/v2\/posts"}],"about":[{"href":"https:\/\/rjecnik.hr\/mreznik\/wp-json\/wp\/v2\/types\/post"}],"author":[{"embeddable":true,"href":"https:\/\/rjecnik.hr\/mreznik\/wp-json\/wp\/v2\/users\/1"}],"replies":[{"embeddable":true,"href":"https:\/\/rjecnik.hr\/mreznik\/wp-json\/wp\/v2\/comments?post=123709"}],"version-history":[{"count":1,"href":"https:\/\/rjecnik.hr\/mreznik\/wp-json\/wp\/v2\/posts\/123709\/revisions"}],"predecessor-version":[{"id":124341,"href":"https:\/\/rjecnik.hr\/mreznik\/wp-json\/wp\/v2\/posts\/123709\/revisions\/124341"}],"wp:attachment":[{"href":"https:\/\/rjecnik.hr\/mreznik\/wp-json\/wp\/v2\/media?parent=123709"}],"wp:term":[{"taxonomy":"category","embeddable":true,"href":"https:\/\/rjecnik.hr\/mreznik\/wp-json\/wp\/v2\/categories?post=123709"},{"taxonomy":"post_tag","embeddable":true,"href":"https:\/\/rjecnik.hr\/mreznik\/wp-json\/wp\/v2\/tags?post=123709"}],"curies":[{"name":"wp","href":"https:\/\/api.w.org\/{rel}","templated":true}]}}