{"id":123726,"date":"2025-11-24T12:06:01","date_gmt":"2025-11-24T12:06:01","guid":{"rendered":"https:\/\/rjecnik.hr\/mreznik\/kora\/"},"modified":"2025-11-25T09:47:19","modified_gmt":"2025-11-25T08:47:19","slug":"kora","status":"publish","type":"post","link":"https:\/\/rjecnik.hr\/mreznik\/kora\/","title":{"rendered":"kora"},"content":{"rendered":"<p align=\"justify\" style=\"margin:20pt 0pt 0pt 5pt;text-indent:-5pt;\"><span class=\"Lemma\"> <span class=\"Lemma__Naglaseno\">k\u020dra <\/span><span class=\"Lemma__LemmaSign\">kora<\/span> <span class=\"Lemma__zvuk\"> <a href=\"https:\/\/rjecnik.hr\/mreznik\/wp-content\/uploads\/2021\/mreznik_mediji\/kora.mp3\"><img loading=\"lazy\" decoding=\"async\" border=\"0\" height=\"14\" src=\"https:\/\/rjecnik.hr\/mreznik\/wp-content\/uploads\/2021\/05\/Speaker-4.gif\" width=\"16\"\/><\/a><\/span> <span class=\"Lemma__vrsta_rijeci\">im. \u017e.<\/span><span class=\"Gramaticki_blok\"><span class=\"Oblici\"> (<span class=\"Oblici__naglaseni\">G k\u020dr\u0113, DL k\u020dri, A k\u020dru, I k\u020dr\u014dm; <i>mn.<\/i> NA k\u020dre, G k\u020fr\u0101, DLI k\u020drama<\/span>)<\/span><\/span><\/span><\/p>\n<p align=\"justify\" style=\"margin:0pt;\"><span class=\"Sense\"><span class=\"Definicija\"><span class=\"Definicija__definicija\"> Kora je vanjski odvojivi sloj ili omota\u010d \u010dega.<\/span><\/span><span class=\"primjeri\"> <span class=\"Primjer\"\/><\/span><\/span><\/p>\n<p align=\"justify\" style=\"margin:0pt;\"><span class=\"Primjer__Primjer\"> &#8211; Igli\u010dasto li\u0161\u0107e hrastova smanjuje gubitak vlage, a njihova debela kora \u0161titi ih od vru\u0107ine. <\/span><\/p>\n<p> <span class=\"Primjer\"\/> <\/p>\n<p align=\"justify\" style=\"margin:0pt;\"><span class=\"Primjer__Primjer\"> &#8211; Na zara\u017eenim izdancima maline ispod kore mogu\u0107e je uo\u010diti promjenu boje od svijetlosme\u0111e do crvenkaste<\/span><\/p>\n<p> <span class=\"Primjer\"\/> <\/p>\n<p align=\"justify\" style=\"margin:0pt;\"><span class=\"Primjer__Primjer\"> &#8211; Sastav je Zemljine kore sljede\u0107i: kisik 46,5 %, silicij 28 %, aluminij 8 %, \u017eeljezo 5 %, kalcij 3,5 %, natrij 3 %, kalij 2,5 %, magnezij 2 %, a svi ostali elementi samo 1,5 %. <\/span><\/p>\n<p align=\"justify\" style=\"margin:0pt 0pt 0pt 10pt;\"><span class=\"kolokacije\"\/><\/p>\n<p align=\"justify\" style=\"margin:0pt;\"><span class=\"Kolokacija\"> <span class=\"Kolokacija__odrednica\">Kakva je kora?<\/span> <span class=\"Kolokacija__kolokacija\">donja, debela, glatka, gornja, tanka, tvrda, u\u0161e\u0107erena; brezova, biskvitna, hrasta\/hrastova, ledena, limuna\/limunova, mozga\/mo\u017edana, naran\u010dina, Zemljina; kora cimeta, kora drveta, kora jabuke, kora kruha, kora stabla<\/span><\/span><\/p>\n<p align=\"justify\" style=\"margin:0pt;\"><span class=\"Kolokacija\"> <span class=\"Kolokacija__odrednica\">\u0160to se s korom mo\u017ee:<\/span> <span class=\"Kolokacija__kolokacija\">imati je, jesti je, naribati je, oguliti je, premazati je, skinuti je, ukloniti je<\/span><\/span><\/p>\n<p align=\"justify\" style=\"margin:0pt;\"><span class=\"Kolokacija\"> <span class=\"Kolokacija__odrednica\">Koordinacija:<\/span> <span class=\"Kolokacija__kolokacija\">kora i list, kora i li\u0161\u0107e, kora i plod, kora i sjemenka, kora i sok<\/span><\/span><\/p>\n<p align=\"justify\" style=\"margin:0pt;\"><span class=\"Kolokacija\"> <span class=\"Kolokacija__odrednica\">U vezi s korom spominje se:<\/span> <span class=\"Kolokacija__kolokacija\">boja, dio, ekstrakt, komadi\u0107, pucanje, pukotina<\/span><\/span><\/p>\n<p align=\"justify\" style=\"margin:0pt;\"><span class=\"Subentry\"><span class=\"Subentry__LemmaSign\"> bubre\u017ena kora<\/span><\/span><\/p>\n<p align=\"justify\" style=\"margin:0pt;\"><span class=\"Sense\"> <span class=\"Sense__strucna_odrednica\">anat.<\/span><span class=\"Definicija\"><span class=\"Definicija__definicija\"> Bubre\u017ena kora vanjski je dio bubrega.<\/span><\/span><span class=\"primjeri\"> <span class=\"Primjer\"\/><\/span><\/span><\/p>\n<p align=\"justify\" style=\"margin:0pt;\"><span class=\"Primjer__Primjer\"> &#8211; Bubreg je izvana obavijen tankom ovojnicom, ispod koje se nalazi 1,5 \u2013 2 cm debeo tamniji sloj, bubre\u017ena kora.<\/span><\/p>\n<p> <span class=\"Primjer\"\/> <\/p>\n<p align=\"justify\" style=\"margin:0pt;\"><span class=\"Primjer__Primjer\"> &#8211; Bubre\u017ena kora zrnasta je izgleda zbog velikog broja bubre\u017enih tjele\u0161aca.<\/span><\/p>\n<p align=\"justify\" style=\"margin:0pt 0pt 0pt 10pt;\"><span class=\"kolokacije\"\/><\/p>\n<p align=\"justify\" style=\"margin:0pt;\"><span class=\"Kolokacija\"> <span class=\"Kolokacija__odrednica\">Kakva je bubre\u017ena kora?<\/span> <span class=\"Kolokacija__kolokacija\">crvenkasta, zrnasta<\/span><\/span><\/p>\n<p align=\"justify\" style=\"margin:0pt;\"><span class=\"Kolokacija\"> <span class=\"Kolokacija__odrednica\">\u0160to bubre\u017ena kora mo\u017ee?<\/span> <span class=\"Kolokacija__kolokacija\">nalaziti se, sastojati se<\/span><\/span><\/p>\n<p align=\"justify\" style=\"margin:0pt;\"><span class=\"Kolokacija\"> <span class=\"Kolokacija__odrednica\">U vezi s bubre\u017enom korom spominje se:<\/span> <span class=\"Kolokacija__kolokacija\">podru\u010dje, upala<\/span><\/span><\/p>\n<p align=\"justify\" style=\"margin:0pt;\"><span class=\"Frazemi\">frazem: <span class=\"Frazemi__frazem\">za koru kruha [raditi, mu\u010diti se i sl.]<\/span><\/span><\/p>\n<p align=\"justify\" style=\"margin:0pt;\"><span class=\"Sense\"><span class=\"Definicija\"><span class=\"Definicija__definicija\"> Za koru kruha [raditi, mu\u010diti se i sl.] zna\u010di za zadovoljenje osnovnih \u017eivotnih potreba [raditi, mu\u010diti se i sl.].<\/span><\/span><span class=\"primjeri\"> <span class=\"Primjer\"\/><\/span><\/span><\/p>\n<p align=\"justify\" style=\"margin:0pt;\"><span class=\"Primjer__Primjer\"> &#8211; Motiv napada je obijest, suluda ideja pojedinaca koji zbog lagodnog \u017eivota ne znaju \u0161to bi radili pa se upu\u0161taju u ovakve akcije. Da su se ti ljudi borili svaki dan za koru kruha, ne bi tako ne\u0161to u\u010dinili.<\/span><\/p>\n<p> <span class=\"Primjer\"\/> <\/p>\n<p align=\"justify\" style=\"margin:0pt;\"><span class=\"Primjer__Primjer\"> &#8211; \u017divot na otoku nikad nije bio lagodan, uvijek su se morali mu\u010diti za koru kruha i kaplju ulja, ali njihov duh, smisao za humor, talentiranost i duhovnost nisu uspjeli slomiti ni re\u017eimi, ni ratovi, ni iseljavanje stanovni\u0161tva. <\/span><\/p>\n<p> <span class=\"Primjer\"\/> <\/p>\n<p align=\"justify\" style=\"margin:0pt;\"><span class=\"Primjer__Primjer\"> &#8211; Nikako ne prihva\u0107am \u010dinjenicu da netko mo\u017ee \u017eivjeti u luksuzu dok se radnici bore za koru kruha i crvene se od srama kada moraju i\u0107i u banku i moliti slu\u017ebenike za odgodu naplate kredita.<\/span><\/p>\n<p align=\"justify\" style=\"margin:0pt;\"><span class=\"Poveznice\"><span class=\"poveznica\"> <span class=\"poveznica__sveza\">SINONIM:<\/span> <span class=\"poveznica__poveznica\">za koricu kruha [raditi, mu\u010diti se i sl.]<\/span><\/span><\/span><\/p>\n<p align=\"justify\" style=\"margin:0pt;\"><span class=\"Tvorbena_raz\"\/><\/p>\n<p align=\"justify\" style=\"margin:0pt;\"> <span class=\"Tvorbena_raz__mrtve_tvorenice\">tvorenice: koriti se<\/span><\/p>\n<p><span class=\"References\">TVORENICA: <a class=\"References\" href=\"..\/korica\">korica<\/a><\/span><\/p>\n<p align=\"justify\" style=\"margin:0pt;\"><span class=\"etimologija\">Etimologija:  <span class=\"etimologija__motivacija\">Rije\u010d <i>kora<\/i> postala je od praslavenskoga *<i>kora<\/i> (usp. slovenski <i>kora<\/i>, ruski <i>\u043a\u043e\u0440\u00e1<\/i>, poljski <i>kora<\/i>, \u010de\u0161ki <i>k\u016fra<\/i>), \u0161to je izvedeno od indoeuropskoga korijena *<i>(s)ker(H)<\/i>&#8211; \u02bbrezati\u02bc.<\/span><\/span><\/p>\n<p align=\"justify\" style=\"margin:0pt;\"><span class=\"vanjska_poveznica\"> <span class=\"vanjska_poveznica__izvor\">Struna: <\/span> <a class=\"vanjska_poveznica__poveznica\" href=\"http:\/\/struna.ihjj.hr\/naziv\/kora\/36358\/#naziv\" target=\"_blank\">http:\/\/struna.ihjj.hr\/naziv\/kora\/36358\/#naziv<\/a><\/span><\/p>\n<p align=\"justify\" style=\"margin:0pt;\"><span class=\"vanjska_poveznica\"> <span class=\"vanjska_poveznica__izvor\">Kolokacijska baza hrvatskoga jezika: <\/span> <a class=\"vanjska_poveznica__poveznica\" href=\"http:\/\/ihjj.hr\/kolokacije\/search\/?q=kora&amp;search_type=basic\" target=\"_blank\">http:\/\/ihjj.hr\/kolokacije\/search\/?q=kora&amp;search_type=basic<\/a><\/span><\/p>\n<p align=\"justify\" style=\"margin:0pt;\"><span class=\"vanjska_poveznica\"> <span class=\"vanjska_poveznica__izvor\">Hrvatski jezik: <\/span> <a class=\"vanjska_poveznica__poveznica\" href=\" https:\/\/hrcak.srce.hr\/file\/253924\" target=\"_blank\"> https:\/\/hrcak.srce.hr\/file\/253924<\/a><\/span><\/p>\n<p>   <button class=\"deca_veza\"><a href=\"..\/kora-ucenici\">modul za u\u010denike<\/a><\/button> <\/p>\n","protected":false},"excerpt":{"rendered":"<p>Kora je vanjski odvojivi sloj ili omota\u010d \u010dega.<\/p>\n","protected":false},"author":1,"featured_media":0,"comment_status":"closed","ping_status":"closed","sticky":false,"template":"","format":"standard","meta":{"footnotes":""},"categories":[5,49],"tags":[102],"class_list":["post-123726","post","type-post","status-publish","format-standard","hentry","category-osnovni","category-osnovni-k","tag-im-z"],"_links":{"self":[{"href":"https:\/\/rjecnik.hr\/mreznik\/wp-json\/wp\/v2\/posts\/123726","targetHints":{"allow":["GET"]}}],"collection":[{"href":"https:\/\/rjecnik.hr\/mreznik\/wp-json\/wp\/v2\/posts"}],"about":[{"href":"https:\/\/rjecnik.hr\/mreznik\/wp-json\/wp\/v2\/types\/post"}],"author":[{"embeddable":true,"href":"https:\/\/rjecnik.hr\/mreznik\/wp-json\/wp\/v2\/users\/1"}],"replies":[{"embeddable":true,"href":"https:\/\/rjecnik.hr\/mreznik\/wp-json\/wp\/v2\/comments?post=123726"}],"version-history":[{"count":1,"href":"https:\/\/rjecnik.hr\/mreznik\/wp-json\/wp\/v2\/posts\/123726\/revisions"}],"predecessor-version":[{"id":124358,"href":"https:\/\/rjecnik.hr\/mreznik\/wp-json\/wp\/v2\/posts\/123726\/revisions\/124358"}],"wp:attachment":[{"href":"https:\/\/rjecnik.hr\/mreznik\/wp-json\/wp\/v2\/media?parent=123726"}],"wp:term":[{"taxonomy":"category","embeddable":true,"href":"https:\/\/rjecnik.hr\/mreznik\/wp-json\/wp\/v2\/categories?post=123726"},{"taxonomy":"post_tag","embeddable":true,"href":"https:\/\/rjecnik.hr\/mreznik\/wp-json\/wp\/v2\/tags?post=123726"}],"curies":[{"name":"wp","href":"https:\/\/api.w.org\/{rel}","templated":true}]}}