{"id":123732,"date":"2025-11-24T12:06:01","date_gmt":"2025-11-24T12:06:01","guid":{"rendered":"https:\/\/rjecnik.hr\/mreznik\/korijen\/"},"modified":"2025-11-25T09:47:20","modified_gmt":"2025-11-25T08:47:20","slug":"korijen","status":"publish","type":"post","link":"https:\/\/rjecnik.hr\/mreznik\/korijen\/","title":{"rendered":"korijen"},"content":{"rendered":"<p align=\"justify\" style=\"margin:20pt 0pt 0pt 5pt;text-indent:-5pt;\"><span class=\"Lemma\"\/><\/p>\n<p align=\"justify\" style=\"margin:0pt;\"> <span class=\"Lemma__slika\"><img decoding=\"async\" border=\"0\" class=\"galerija\" src=\"https:\/\/rjecnik.hr\/mreznik\/wp-content\/uploads\/2021\/mreznik_mediji\/korijen.jpg\"\/><\/span><\/p>\n<p> <span class=\"Lemma__Naglaseno\">k\u020drij\u0113n <\/span><span class=\"Lemma__LemmaSign\">korijen<\/span> <span class=\"Lemma__zvuk\"> <a href=\"https:\/\/rjecnik.hr\/mreznik\/wp-content\/uploads\/2021\/mreznik_mediji\/korijen.mp3\"><img loading=\"lazy\" decoding=\"async\" border=\"0\" height=\"14\" src=\"https:\/\/rjecnik.hr\/mreznik\/wp-content\/uploads\/2021\/05\/Speaker-4.gif\" width=\"16\"\/><\/a><\/span> <span class=\"Lemma__vrsta_rijeci\">im. m.<\/span><span class=\"Gramaticki_blok\"><span class=\"Oblici\"> (<span class=\"Oblici__naglaseni\">G k\u020drij\u0113na, DL k\u020drij\u0113nu, A k\u020drij\u0113n, I k\u020drij\u0113nom; <i>mn.<\/i> N k\u020drij\u0113ni\/k\u020drjenovi, G k\u020drij\u0113n\u0101\/k\u020drjen\u014dv\u0101, DLI k\u020drij\u0113nima\/k\u020drjenovima, A k\u020drij\u0113ne\/k\u020drjenove<\/span>)<\/span><\/span> <\/p>\n<p align=\"justify\" style=\"margin:0pt;\"><span class=\"Sense\"> <span class=\"Sense__SenseNumber\">1<\/span> <span class=\"Sense__strucna_odrednica\">bot.<\/span><span class=\"Definicija\"><span class=\"Definicija__definicija\"> Korijen je vegetativni organ, dio biljke, obi\u010dno podzemni, kojim se biljka hrani, upija vodu i pri\u010dvr\u0161\u0107uje za tlo.<\/span><\/span><span class=\"primjeri\"> <span class=\"Primjer\"\/><\/span><\/span><\/p>\n<p align=\"justify\" style=\"margin:0pt;\"><span class=\"Primjer__Primjer\"> &#8211; \u0160to su dublji korijeni stabla, to mu se grane mogu ja\u010de ra\u0161iriti.<\/span><\/p>\n<p> <span class=\"Primjer\"\/> <\/p>\n<p align=\"justify\" style=\"margin:0pt;\"><span class=\"Primjer__Primjer\"> &#8211; Poslije, iz istog korijena ni\u010de prepoznatljiva zelena biljka koja ima funkciju stvaranja hranjivih tvari, ali ne i razmno\u017eavanja.<\/span><\/p>\n<p> <span class=\"Primjer\"\/> <\/p>\n<p align=\"justify\" style=\"margin:0pt;\"><span class=\"Primjer__Primjer\"> &#8211; Ima jak i razgranat korijen bjeli\u010dasto\u017eute boje.<\/span><\/p>\n<p> <span class=\"Primjer\"\/> <\/p>\n<p align=\"justify\" style=\"margin:0pt;\"><span class=\"Primjer__Primjer\"> &#8211; Dostupan nam je u obliku svje\u017eeg korijena ili u prahu.<\/span><\/p>\n<p align=\"justify\" style=\"margin:0pt 0pt 0pt 10pt;\"><span class=\"kolokacije\"\/><\/p>\n<p align=\"justify\" style=\"margin:0pt;\"><span class=\"Kolokacija\"> <span class=\"Kolokacija__odrednica\">Kakav je korijen?<\/span> <span class=\"Kolokacija__kolokacija\">\u010dvrst, dubok, isti, jak, sladak, svje\u017e; korijen biljke, korijen celera, korijen \u010di\u010dka, korijen \u0111umbira, korijen koprive, korijen masla\u010dka, korijen mrkve, korijen per\u0161ina, korijen stabla<\/span><\/span><\/p>\n<p align=\"justify\" style=\"margin:0pt;\"><span class=\"Kolokacija\"> <span class=\"Kolokacija__odrednica\">\u0160to korijen mo\u017ee?<\/span> <span class=\"Kolokacija__kolokacija\">imati (aromati\u010dni miris, ljekovita svojstva), nalaziti se (duboko u zemlji), nemati (dovoljno vlage, miris), ostati (bez vode, na povr\u0161ini, nerazvijen), rasti, sadr\u017eavati (eteri\u010dna ulja, \u0161krob, \u0161e\u0107er)<\/span><\/span><\/p>\n<p align=\"justify\" style=\"margin:0pt;\"><span class=\"Kolokacija\"> <span class=\"Kolokacija__odrednica\">\u0160to se s korijenom mo\u017ee?<\/span> <span class=\"Kolokacija__kolokacija\">dodati ga (\u010demu, u \u0161to), pustiti ga (da raste, da se razvije), uni\u0161titi ga<\/span><\/span><\/p>\n<p align=\"justify\" style=\"margin:0pt;\"><span class=\"Kolokacija\"> <span class=\"Kolokacija__odrednica\">Koordinacija:<\/span> <span class=\"Kolokacija__kolokacija\">korijen i list, korijen i li\u0161\u0107e, korijen i stabljika; biljka i korijen<\/span><\/span><\/p>\n<p align=\"justify\" style=\"margin:0pt;\"><span class=\"Kolokacija\"> <span class=\"Kolokacija__odrednica\">U vezi s korijenom spominje se:<\/span> <span class=\"Kolokacija__kolokacija\">ekstrakt, gram, masa, prinos, rast, razvoj, trule\u017e, truljenje, vrat, zona, \u017elica<\/span><\/span><\/p>\n<p align=\"justify\" style=\"margin:0pt;\"><span class=\"Sense\"> <span class=\"Sense__SenseNumber\">2<\/span> <span class=\"Sense__strucna_odrednica\">anat.<\/span><span class=\"Definicija\"><span class=\"Definicija__definicija\"> Korijen je dio iz kojega raste ili se grana koji organ.<\/span><\/span><span class=\"primjeri\"> <span class=\"Primjer\"\/><\/span><\/span><\/p>\n<p align=\"justify\" style=\"margin:0pt;\"><span class=\"Primjer__Primjer\"> &#8211; Njeno mi\u0161ljenje je da je \u010dvrsti korijen zuba uvijek bolji od implantata, koji je ipak strano tijelo u organizmu.<\/span><\/p>\n<p> <span class=\"Primjer\"\/> <\/p>\n<p align=\"justify\" style=\"margin:0pt;\"><span class=\"Primjer__Primjer\"> &#8211; Ako je krvarenje ja\u010de, na korijen nosa mo\u017eete staviti i hladan oblog ili komadi\u0107e leda u vre\u0107ici.<\/span><\/p>\n<p> <span class=\"Primjer\"\/> <\/p>\n<p align=\"justify\" style=\"margin:0pt;\"><span class=\"Primjer__Primjer\"> &#8211; Zagovornici tog tretmana tvrde da vitaminima bogato pivo \u010disti i obnavlja pore, opu\u0161ta mi\u0161i\u0107e i ja\u010da korijen i sjaj kose.<\/span><\/p>\n<p> <span class=\"Primjer\"\/> <\/p>\n<p align=\"justify\" style=\"margin:0pt;\"><span class=\"Primjer__Primjer\"> &#8211; Potom slijedi druga laserska zraka koja je ja\u010da i bolje uni\u0161tava korijen dlake jer je zagrijan.<\/span><\/p>\n<p align=\"justify\" style=\"margin:0pt 0pt 0pt 10pt;\"><span class=\"kolokacije\"\/><\/p>\n<p align=\"justify\" style=\"margin:0pt;\"><span class=\"Kolokacija\"> <span class=\"Kolokacija__odrednica\">Kakav je korijen?<\/span> <span class=\"Kolokacija__kolokacija\">\u010dvrst, dubok; korijen dlake, korijen jezika, korijen kose, korijen nokta, korijen nosa, korijen penisa, korijen repa, korijen trepavice, korijen vlasi, korijen zuba, korijen \u017eivca<\/span><\/span><\/p>\n<p align=\"justify\" style=\"margin:0pt;\"><span class=\"Kolokacija\"> <span class=\"Kolokacija__odrednica\">\u0160to korijen mo\u017ee?<\/span> <span class=\"Kolokacija__kolokacija\">nalaziti se (duboko u ko\u017ei), ostati (ispod ko\u017ee, netaknut), sadr\u017eavati (pigmentne stanice)<\/span><\/span><\/p>\n<p align=\"justify\" style=\"margin:0pt;\"><span class=\"Kolokacija\"> <span class=\"Kolokacija__odrednica\">\u0160to se s korijenom mo\u017ee?<\/span> <span class=\"Kolokacija__kolokacija\">ja\u010dati ga, uni\u0161titi ga, izvaditi ga<\/span><\/span><\/p>\n<p align=\"justify\" style=\"margin:0pt;\"><span class=\"Kolokacija\"> <span class=\"Kolokacija__odrednica\">U vezi s korijenom spominje se:<\/span> <span class=\"Kolokacija__kolokacija\">dio, ja\u010danje, o\u0161te\u0107enje, podru\u010dje, povr\u0161ina, rast, stanica, upala, vrh, vr\u0161ak<\/span><\/span><\/p>\n<p align=\"justify\" style=\"margin:0pt;\"><span class=\"Sense\"> <span class=\"Sense__SenseNumber\">3<\/span> <span class=\"Sense__strucna_odrednica\">gram.<\/span><span class=\"Definicija\"><span class=\"Definicija__definicija\"> Korijen je najmanji zajedni\u010dki dio svih rije\u010di koje pripadaju istoj tvorbenoj porodici i koji nosi osnovno leksi\u010dko zna\u010denje.<\/span><\/span><span class=\"primjeri\"> <span class=\"Primjer\"\/><\/span><\/span><\/p>\n<p align=\"justify\" style=\"margin:0pt;\"><span class=\"Primjer__Primjer\"> &#8211; Rije\u010d ima isti korijen kao i rije\u010d <span style=\"font-style:normal\">dojenje<\/span>.<\/span><\/p>\n<p> <span class=\"Primjer\"\/> <\/p>\n<p align=\"justify\" style=\"margin:0pt;\"><span class=\"Primjer__Primjer\"> &#8211; Rije\u010d <span style=\"font-style:normal\">Bog<\/span> i <span style=\"font-style:normal\">bogat<\/span> imaju u na\u0161em jeziku zajedni\u010dki korijen.<\/span><\/p>\n<p> <span class=\"Primjer\"\/> <\/p>\n<p align=\"justify\" style=\"margin:0pt;\"><span class=\"Primjer__Primjer\"> &#8211; Rije\u010d <span style=\"font-style:normal\">emocija<\/span> ima latinski korijen i u originalu zna\u010di pokrenuti (<span style=\"font-style:normal\">movere<\/span>).<\/span><\/p>\n<p align=\"justify\" style=\"margin:0pt 0pt 0pt 10pt;\"><span class=\"kolokacije\"\/><\/p>\n<p align=\"justify\" style=\"margin:0pt;\"><span class=\"Kolokacija\"> <span class=\"Kolokacija__odrednica\">Kakav je korijen?<\/span> <span class=\"Kolokacija__kolokacija\">isti, latinski, zajedni\u010dki; korijen rije\u010di<\/span><\/span><\/p>\n<p align=\"justify\" style=\"margin:0pt;\"><span class=\"Kolokacija\"> <span class=\"Kolokacija__odrednica\">\u0160to korijen mo\u017ee?<\/span> <span class=\"Kolokacija__kolokacija\">nalaziti se (u glagolu, u imenici, u rije\u010dima), zna\u010diti \u0161to<\/span><\/span><\/p>\n<p align=\"justify\" style=\"margin:0pt;\"><span class=\"Sense\"> <span class=\"Sense__SenseNumber\">4<\/span> <span class=\"Sense__stilska_odrednica\">pren.<\/span><span class=\"Definicija\"><span class=\"Definicija__definicija\"> Korijen je sam po\u010detak ili izvor \u010dega.<\/span><\/span><span class=\"primjeri\"> <span class=\"Primjer\"\/><\/span><\/span><\/p>\n<p align=\"justify\" style=\"margin:0pt;\"><span class=\"Primjer__Primjer\"> &#8211; Ponovno, duboki korijeni rasne segregacije u ameri\u010dkoj politici imaju poguban utjecaj na socijalisti\u010dke ideje.<\/span><\/p>\n<p> <span class=\"Primjer\"\/> <\/p>\n<p align=\"justify\" style=\"margin:0pt;\"><span class=\"Primjer__Primjer\"> &#8211; To su povijesni korijeni hrvatskog narodnja\u0161tva i politi\u010dka tradicija na koju se naslanja suvremeni HNS.<\/span><\/p>\n<p> <span class=\"Primjer\"\/> <\/p>\n<p align=\"justify\" style=\"margin:0pt;\"><span class=\"Primjer__Primjer\"> &#8211; I svi hvale \u201emalu Linu\u201d, kako zovu talentiranu atleti\u010darku \u010dvrstih sportskih korijena.<\/span><\/p>\n<p align=\"justify\" style=\"margin:0pt 0pt 0pt 10pt;\"><span class=\"kolokacije\"\/><\/p>\n<p align=\"justify\" style=\"margin:0pt;\"><span class=\"Kolokacija\"> <span class=\"Kolokacija__odrednica\">Kakav je korijen?<\/span> <span class=\"Kolokacija__kolokacija\">\u010dvrst, dubok; duhovni, glazbeni, povijesni<\/span><\/span><\/p>\n<p align=\"justify\" style=\"margin:0pt;\"><span class=\"Kolokacija\"> <span class=\"Kolokacija__odrednica\">\u0160to korijen mo\u017ee?<\/span> <span class=\"Kolokacija__kolokacija\">le\u017eati (gdje, u \u010demu), nalaziti se (u ideologijama, u kulturama), potjecati, sezati (do davnih vremena, u davna vremena)<\/span><\/span><\/p>\n<p align=\"justify\" style=\"margin:0pt;\"><span class=\"Kolokacija\"> <span class=\"Kolokacija__odrednica\">\u0160to se s korijenom mo\u017ee?<\/span> <span class=\"Kolokacija__kolokacija\">imati ga, istra\u017eivati ga, na\u0107i ga, nalaziti se, nemati ga, otkriti ga, znati ga; vratiti mu se<\/span><\/span><\/p>\n<p align=\"justify\" style=\"margin:0pt;\"><span class=\"Kolokacija\"> <span class=\"Kolokacija__odrednica\">Koordinacija:<\/span> <span class=\"Kolokacija__kolokacija\">korijen i izvor, korijen i temelj, korijen i uzrok<\/span><\/span><\/p>\n<p align=\"justify\" style=\"margin:0pt;\"><span class=\"Sense\"> <span class=\"Sense__SenseNumber\">5<\/span> <span class=\"Sense__stilska_odrednica\">pren.<\/span><span class=\"Definicija\"><span class=\"Definicija__definicija\"> Korijen je podrijetlo.<\/span><\/span><span class=\"primjeri\"> <span class=\"Primjer\"\/><\/span><\/span><\/p>\n<p align=\"justify\" style=\"margin:0pt;\"><span class=\"Primjer__Primjer\"> &#8211; Talijanska voditeljica hrvatskih korijena ve\u0107 godinama ljetuje na Pagu, gdje njena obitelj ima vikendicu.<\/span><\/p>\n<p> <span class=\"Primjer\"\/> <\/p>\n<p align=\"justify\" style=\"margin:0pt;\"><span class=\"Primjer__Primjer\"> &#8211; Venezuelanska glumica hrvatskih korijena prije \u010detiri godine odbila je pozirati za Playboy.<\/span><\/p>\n<p> <span class=\"Primjer\"\/> <\/p>\n<p align=\"justify\" style=\"margin:0pt;\"><span class=\"Primjer__Primjer\"> &#8211; Prvi dio izlaganja zagreba\u010dki je nadbiskup posvetio kr\u0161\u0107anskim ili biblijskim korijenima Europe.<\/span><\/p>\n<p> <span class=\"Primjer\"\/> <\/p>\n<p align=\"justify\" style=\"margin:0pt;\"><span class=\"Primjer__Primjer\"> &#8211; Pozivaju\u0107i se na zajedni\u010dke korijene, imam je pozvao sve vjernike na mir i me\u0111usobno po\u0161tovanje.<\/span><\/p>\n<p> <span class=\"Primjer\"\/> <\/p>\n<p align=\"justify\" style=\"margin:0pt;\"><span class=\"Primjer__Primjer\"> &#8211; O\u010deva obitelj ima stare portorikanske korijene, maj\u010dini roditelji onamo su se doselili iz Europe.<\/span><\/p>\n<p align=\"justify\" style=\"margin:0pt 0pt 0pt 10pt;\"><span class=\"kolokacije\"\/><\/p>\n<p align=\"justify\" style=\"margin:0pt;\"><span class=\"Kolokacija\"> <span class=\"Kolokacija__odrednica\">Kakav je korijen?<\/span> <span class=\"Kolokacija__kolokacija\">pravi, stari, vlastiti, zajedni\u010dki; europski, hrvatski, kr\u0161\u0107anski, njema\u010dki, obiteljski, srpski, talijanski, \u017eidovski; korijen Europe<\/span><\/span><\/p>\n<p align=\"justify\" style=\"margin:0pt;\"><span class=\"Kolokacija\"> <span class=\"Kolokacija__odrednica\">\u0160to korijen mo\u017ee?<\/span> <span class=\"Kolokacija__kolokacija\">potjecati, sezati<\/span><\/span><\/p>\n<p align=\"justify\" style=\"margin:0pt;\"><span class=\"Kolokacija\"> <span class=\"Kolokacija__odrednica\">\u0160to se s korijenom mo\u017ee?<\/span> <span class=\"Kolokacija__kolokacija\">imati ga, istra\u017eivati ga, na\u0107i ga, nemati ga, otkriti ga, prona\u0107i ga, tra\u017eiti ga, zaboraviti ga, znati ga; vratiti mu se<\/span><\/span><\/p>\n<p align=\"justify\" style=\"margin:0pt;\"><span class=\"Kolokacija\"> <span class=\"Kolokacija__odrednica\">Koordinacija:<\/span> <span class=\"Kolokacija__kolokacija\">korijen i identitet, korijen i tradicija<\/span><\/span><\/p>\n<p align=\"justify\" style=\"margin:0pt;\"><span class=\"Uporaba\">\u25e6 <span class=\"Uporaba__uporaba\">U ovome zna\u010denju rije\u010d se obi\u010dno upotrebljava u mno\u017eini, npr. <i>biti hrvatskih korijena<\/i>.<\/span><\/span><\/p>\n<p align=\"justify\" style=\"margin:0pt;\"><span class=\"Sense\"> <span class=\"Sense__SenseNumber\">6<\/span> <span class=\"Sense__strucna_odrednica\">mat.<\/span><span class=\"Definicija\"><span class=\"Definicija__definicija\"> Korijen je rezultat korjenovanja.<\/span><\/span><span class=\"primjeri\"> <span class=\"Primjer\"\/><\/span><\/span><\/p>\n<p align=\"justify\" style=\"margin:0pt;\"><span class=\"Primjer__Primjer\"> &#8211; Standardna devijacija je kvadratni korijen srednjeg kvadrata razlika srednjih dnevnih temperatura i vi\u0161egodi\u0161njeg srednjaka.<\/span><\/p>\n<p> <span class=\"Primjer\"\/> <\/p>\n<p align=\"justify\" style=\"margin:0pt;\"><span class=\"Primjer__Primjer\"> &#8211; Umjesto toga, Var\u0161ava predla\u017ee da se te\u017eina glasa svake dr\u017eave \u010dlanice odredi prema kvadratnom korijenu iz broja njezinih stanovnika.<\/span><\/p>\n<p align=\"justify\" style=\"margin:0pt 0pt 0pt 10pt;\"><span class=\"kolokacije\"\/><\/p>\n<p align=\"justify\" style=\"margin:0pt;\"><span class=\"Kolokacija\"> <span class=\"Kolokacija__odrednica\">Kakav je korijen?<\/span> <span class=\"Kolokacija__kolokacija\">kvadratni<\/span><\/span><\/p>\n<p align=\"justify\" style=\"margin:0pt;\"><span class=\"Kolokacija\"> <span class=\"Kolokacija__odrednica\">\u0160to se s korijenom mo\u017ee?<\/span> <span class=\"Kolokacija__kolokacija\">vaditi ga<\/span><\/span><\/p>\n<p align=\"justify\" style=\"margin:0pt;\"><span class=\"Subentry\"><span class=\"Subentry__LemmaSign\"> slatki korijen<\/span><\/span><\/p>\n<p align=\"justify\" style=\"margin:0pt;\"><span class=\"Sense\"><span class=\"Definicija\"><span class=\"Definicija__definicija\"> Slatki korijen vi\u0161egodi\u0161nja je zeljasta biljka iz porodice bobova koja raste pored rijeka na pjeskovitom i glinovitom zemlji\u0161tu na podru\u010dju Sredozemlja.<\/span><\/span><span class=\"primjeri\"> <span class=\"Primjer\"\/><\/span><\/span><\/p>\n<p align=\"justify\" style=\"margin:0pt;\"><span class=\"Primjer__Primjer\"> &#8211; Slatki korijen ili sladi\u0107 pripada u mahunarke (kao \u0161to su \u0161areni grah i soja) i ima slatkast okus.<\/span><\/p>\n<p> <span class=\"Primjer\"\/> <\/p>\n<p align=\"justify\" style=\"margin:0pt;\"><span class=\"Primjer__Primjer\"> &#8211; Slatki korijen, korijen ginsenga i biljka rodiola mogu pove\u0107ati razinu energije i vitalnosti, a posebno poma\u017eu tijekom stresnih razdoblja.<\/span><\/p>\n<p> <span class=\"Primjer\"\/> <\/p>\n<p align=\"justify\" style=\"margin:0pt;\"><span class=\"Primjer__Primjer\"> &#8211; Slatki korijen upotrebljava se kao aroma u slatki\u0161ima.<\/span><\/p>\n<p align=\"justify\" style=\"margin:0pt 0pt 0pt 10pt;\"><span class=\"kolokacije\"\/><\/p>\n<p align=\"justify\" style=\"margin:0pt;\"><span class=\"Kolokacija\"> <span class=\"Kolokacija__odrednica\">\u0160to slatki korijen mo\u017ee?<\/span> <span class=\"Kolokacija__kolokacija\">sadr\u017eavati (glicirizin, triterpenoide i fenole)<\/span><\/span><\/p>\n<p align=\"justify\" style=\"margin:0pt;\"><span class=\"Poveznice\"><span class=\"poveznica\"> <span class=\"poveznica__mrtvi\">sinonim:<\/span> <span class=\"poveznica__poveznica\">sladi\u0107<\/span><\/span><\/span><\/p>\n<p align=\"justify\" style=\"margin:0pt;\"><span class=\"Frazemi\">frazem: <span class=\"Frazemi__frazem\">sasje\u0107i (presje\u0107i i sl.) u korijenu<\/span><\/span><\/p>\n<p align=\"justify\" style=\"margin:0pt;\"><span class=\"Sense\"> <span class=\"Sense__ograda\">(\u0161to)<\/span><span class=\"Definicija\"><span class=\"Definicija__definicija\"> Sasje\u0107i (presje\u0107i i sl.) u korijenu \u0161to zna\u010di uni\u0161titi, iskorijeniti ili onemogu\u0107iti \u0161to u samome po\u010detku.<\/span><\/span><span class=\"primjeri\"> <span class=\"Primjer\"\/><\/span><\/span><\/p>\n<p align=\"justify\" style=\"margin:0pt;\"><span class=\"Primjer__Primjer\"> &#8211; Nasilje u \u0161kolama moramo sasje\u0107i u korijenu.<\/span><\/p>\n<p> <span class=\"Primjer\"\/> <\/p>\n<p align=\"justify\" style=\"margin:0pt;\"><span class=\"Primjer__Primjer\"> &#8211; Jedna od posljedica privatizacije javnog sektora je i korupcija i kriminal. Ta se pojava mora sasje\u0107i u korijenu i zato javni sektor moramo u prvom redu profesionalizirati i deprivatizirati.<\/span><\/p>\n<p> <span class=\"Primjer\"\/> <\/p>\n<p align=\"justify\" style=\"margin:0pt;\"><span class=\"Primjer__Primjer\"> &#8211; Neki mo\u017eda \u010dak i poku\u0161avaju kopirati va\u0161 stil, ali to je ne\u0161to \u0161to \u0107ete presje\u0107i u korijenu. Opona\u0161anje je kompliment, ali vi znate da mjesta ima samo za jedan original.<\/span><\/p>\n<p align=\"justify\" style=\"margin:0pt;\"><span class=\"Frazemi\">frazem: <span class=\"Frazemi__frazem\">promijeniti iz korijena<\/span><\/span><\/p>\n<p align=\"justify\" style=\"margin:0pt;\"><span class=\"Sense\"> <span class=\"Sense__ograda\">(koga, \u0161to)<\/span><span class=\"Definicija\"><span class=\"Definicija__definicija\"> Promijeniti iz korijena koga, \u0161to zna\u010di temeljito ili potpuno promijeniti koga, \u0161to.<\/span><\/span><span class=\"primjeri\"> <span class=\"Primjer\"\/><\/span><\/span><\/p>\n<p align=\"justify\" style=\"margin:0pt;\"><span class=\"Primjer__Primjer\"> &#8211; Ve\u0107 nakon \u0161est mjeseci zdravoga \u017eivota mogla sam smanjiti dozu propisanih lijekova da bi ih nakon dvije godine u potpunosti prestala uzimati. Nestali su i simptomi dijabetesa. Moj se \u017eivot promijenio iz korijena.<\/span><\/p>\n<p> <span class=\"Primjer\"\/> <\/p>\n<p align=\"justify\" style=\"margin:0pt;\"><span class=\"Primjer__Primjer\"> &#8211; Dana\u0161nji na\u010dini dobivanja energije u budu\u0107nosti \u0107e se promijeniti iz korijena.<\/span><\/p>\n<p> <span class=\"Primjer\"\/> <\/p>\n<p align=\"justify\" style=\"margin:0pt;\"><span class=\"Primjer__Primjer\"> &#8211; Tek kada bismo ekonomsku politiku promijenili iz korijena, imali bismo \u0161ansu izvu\u0107i se iz ovih problema.<\/span><\/p>\n<p align=\"justify\" style=\"margin:0pt;\"><span class=\"Frazemi\">frazem: <span class=\"Frazemi__frazem\">vu\u0107i korijen<\/span><\/span><\/p>\n<p align=\"justify\" style=\"margin:0pt;\"><span class=\"Sense\"> <span class=\"Sense__ograda\">(od koga, od (iz) \u010dega)<\/span><span class=\"Definicija\"><span class=\"Definicija__definicija\"> Vu\u0107i korijen od koga, od (iz) \u010dega zna\u010di potjecati od koga ili razviti se od (iz) \u010dega.<\/span><\/span><span class=\"primjeri\"> <span class=\"Primjer\"\/><\/span><\/span><\/p>\n<p align=\"justify\" style=\"margin:0pt;\"><span class=\"Primjer__Primjer\"> &#8211; Tvrdio je i da je njegov djed po o\u010devoj liniji bio Francuz, me\u0111utim utvr\u0111eno je da Bradno vu\u010de korijene od njema\u010dkog useljenika koji je u Sjedinjene Dr\u017eave do\u0161ao u 18. stolje\u0107u. <\/span><\/p>\n<p> <span class=\"Primjer\"\/> <\/p>\n<p align=\"justify\" style=\"margin:0pt;\"><span class=\"Primjer__Primjer\"> &#8211; Mnogi misle da karate potje\u010de iz Kine, no ova borila\u010dka vje\u0161tina vu\u010de korijene iz Okinawe u Japanu.<\/span><\/p>\n<p> <span class=\"Primjer\"\/> <\/p>\n<p align=\"justify\" style=\"margin:0pt;\"><span class=\"Primjer__Primjer\"> &#8211; Polutvrdi sirevi iz na\u0161e \u0161krinjice vuku korijene iz razli\u010ditih dijelova europskog kontinenta.<\/span><\/p>\n<p> <span class=\"Primjer\"\/> <\/p>\n<p align=\"justify\" style=\"margin:0pt;\"><span class=\"Primjer__Primjer\"> &#8211; Prezimena koja vuku korijen od zanimanja ima dosta, a neka su \u010desta i javljaju se u razli\u010ditim predjelima Hrvatske.<\/span><\/p>\n<p align=\"justify\" style=\"margin:0pt;\"><span class=\"Tvorbena_raz\"\/><\/p>\n<p align=\"justify\" style=\"margin:0pt;\"> <span class=\"Tvorbena_raz__mrtve_tvorenice\">tvorenice: korijenak, korijenov, korijenski, korjenast, korjena\u0161, korjen\u010di\u0107, korjen\u010dina, korjenika; korjenovati<\/span><\/p>\n<p><span class=\"References\">TVORENICA: <a class=\"References\" href=\"..\/korijenje\">korijenje<\/a><\/span><\/p>\n<p align=\"justify\" style=\"margin:0pt;\"><span class=\"vanjska_poveznica\"> <span class=\"vanjska_poveznica__izvor\">Struna: <\/span> <a class=\"vanjska_poveznica__poveznica\" href=\"http:\/\/struna.ihjj.hr\/search-do\/?q=korijen&amp;naziv=1&amp;polje=0#container\" target=\"_blank\">http:\/\/struna.ihjj.hr\/search-do\/?q=korijen&amp;naziv=1&amp;polje=0#container<\/a><\/span><\/p>\n<p align=\"justify\" style=\"margin:0pt;\"><span class=\"vanjska_poveznica\"> <span class=\"vanjska_poveznica__izvor\">Kolokacijska baza hrvatskoga jezika: <\/span> <a class=\"vanjska_poveznica__poveznica\" href=\"http:\/\/ihjj.hr\/kolokacije\/search\/?q=korijen&amp;search_type=basic\" target=\"_blank\">http:\/\/ihjj.hr\/kolokacije\/search\/?q=korijen&amp;search_type=basic<\/a><\/span><\/p>\n<p align=\"justify\" style=\"margin:0pt;\"><span class=\"vanjska_poveznica\"> <span class=\"vanjska_poveznica__izvor\">Baza hrvatskih morfolo\u0161kih dubleta (DvojBa): <\/span> <a class=\"vanjska_poveznica__poveznica\" href=\"http:\/\/dublete.jezik.hr\/morph\/lemma\/862\/\" target=\"_blank\">http:\/\/dublete.jezik.hr\/morph\/lemma\/862\/<\/a><\/span><\/p>\n<p>   <button class=\"deca_veza\"><a href=\"..\/korijen-ucenici\">modul za u\u010denike<\/a><\/button> <\/p>\n","protected":false},"excerpt":{"rendered":"<p>Korijen je vegetativni organ, dio biljke, obi\u010dno podzemni, kojim se biljka hrani, upija vodu i pri\u010dvr\u0161\u0107uje za tlo.<\/p>\n","protected":false},"author":1,"featured_media":0,"comment_status":"closed","ping_status":"closed","sticky":false,"template":"","format":"standard","meta":{"footnotes":""},"categories":[5,49],"tags":[98],"class_list":["post-123732","post","type-post","status-publish","format-standard","hentry","category-osnovni","category-osnovni-k","tag-im-m"],"_links":{"self":[{"href":"https:\/\/rjecnik.hr\/mreznik\/wp-json\/wp\/v2\/posts\/123732","targetHints":{"allow":["GET"]}}],"collection":[{"href":"https:\/\/rjecnik.hr\/mreznik\/wp-json\/wp\/v2\/posts"}],"about":[{"href":"https:\/\/rjecnik.hr\/mreznik\/wp-json\/wp\/v2\/types\/post"}],"author":[{"embeddable":true,"href":"https:\/\/rjecnik.hr\/mreznik\/wp-json\/wp\/v2\/users\/1"}],"replies":[{"embeddable":true,"href":"https:\/\/rjecnik.hr\/mreznik\/wp-json\/wp\/v2\/comments?post=123732"}],"version-history":[{"count":1,"href":"https:\/\/rjecnik.hr\/mreznik\/wp-json\/wp\/v2\/posts\/123732\/revisions"}],"predecessor-version":[{"id":124364,"href":"https:\/\/rjecnik.hr\/mreznik\/wp-json\/wp\/v2\/posts\/123732\/revisions\/124364"}],"wp:attachment":[{"href":"https:\/\/rjecnik.hr\/mreznik\/wp-json\/wp\/v2\/media?parent=123732"}],"wp:term":[{"taxonomy":"category","embeddable":true,"href":"https:\/\/rjecnik.hr\/mreznik\/wp-json\/wp\/v2\/categories?post=123732"},{"taxonomy":"post_tag","embeddable":true,"href":"https:\/\/rjecnik.hr\/mreznik\/wp-json\/wp\/v2\/tags?post=123732"}],"curies":[{"name":"wp","href":"https:\/\/api.w.org\/{rel}","templated":true}]}}