{"id":123743,"date":"2025-11-24T12:06:02","date_gmt":"2025-11-24T12:06:02","guid":{"rendered":"https:\/\/rjecnik.hr\/mreznik\/korizma\/"},"modified":"2025-11-25T09:47:20","modified_gmt":"2025-11-25T08:47:20","slug":"korizma","status":"publish","type":"post","link":"https:\/\/rjecnik.hr\/mreznik\/korizma\/","title":{"rendered":"korizma"},"content":{"rendered":"<p align=\"justify\" style=\"margin:20pt 0pt 0pt 5pt;text-indent:-5pt;\"><span class=\"Lemma\"> <span class=\"Lemma__Naglaseno\">k\u00f2rizma <\/span><span class=\"Lemma__LemmaSign\">korizma<\/span> <span class=\"Lemma__zvuk\"> <a href=\"https:\/\/rjecnik.hr\/mreznik\/wp-content\/uploads\/2021\/mreznik_mediji\/korizma.mp3\"><img loading=\"lazy\" decoding=\"async\" border=\"0\" height=\"14\" src=\"https:\/\/rjecnik.hr\/mreznik\/wp-content\/uploads\/2021\/05\/Speaker-4.gif\" width=\"16\"\/><\/a><\/span> <span class=\"Lemma__vrsta_rijeci\">im. \u017e.<\/span><span class=\"Gramaticki_blok\"><span class=\"Oblici\"> (<span class=\"Oblici__naglaseni\">G k\u00f2rizm\u0113, DL k\u00f2rizmi, A k\u00f2rizmu, I k\u00f2rizm\u014dm<\/span>)<\/span><\/span><\/span><\/p>\n<p align=\"justify\" style=\"margin:0pt;\"><span class=\"Sense\"> <span class=\"Sense__strucna_odrednica\">rel.<\/span><span class=\"Definicija\"><span class=\"Definicija__definicija\"> Korizma je razdoblje kr\u0161\u0107anske pripreme za Uskrs koje traje od Pepelnice do Velikoga \u010detvrtka.<\/span><\/span><span class=\"primjeri\"> <span class=\"Primjer\"\/><\/span><\/span><\/p>\n<p align=\"justify\" style=\"margin:0pt;\"><span class=\"Primjer__Primjer\"> &#8211; Kada zapo\u010dinje\u0161 ovogodi\u0161nju korizmu, poku\u0161aj razmisliti o tome kako tvoj post nije samo odricanje od ne\u010dega na 40 dana; to je prinos Bogu i prinos svijetu preko siroma\u0161nih, preko tvog vlastitog rasta i preko novog \u017eivota koji \u0107e ti Bog dati u uskrsnu\u0107u novog \u017eivota koji nam je obe\u0107an na nebu.<\/span><\/p>\n<p> <span class=\"Primjer\"\/> <\/p>\n<p align=\"justify\" style=\"margin:0pt;\"><span class=\"Primjer__Primjer\"> &#8211; Nas zanima \u0161to za vas zna\u010di vrijeme korizme i Uskrsa.<\/span><\/p>\n<p> <span class=\"Primjer\"\/> <\/p>\n<p align=\"justify\" style=\"margin:0pt;\"><span class=\"Primjer__Primjer\"> &#8211; Njihove starije kolege, u\u010denici \u0161estih i osmih razreda, pripremili su kratki recital na temu korizme i Uskrsa.<\/span><\/p>\n<p> <span class=\"Primjer\"\/> <\/p>\n<p align=\"justify\" style=\"margin:0pt;\"><span class=\"Primjer__Primjer\"> &#8211; Kapelan je u propovijedi podsjetio prisutne kako je \u010cista srijeda po\u010detak korizme i da je to vrijeme posebnog vjerni\u010dkog djelovanja.<\/span><\/p>\n<p align=\"justify\" style=\"margin:0pt 0pt 0pt 10pt;\"><span class=\"kolokacije\"\/><\/p>\n<p align=\"justify\" style=\"margin:0pt;\"><span class=\"Kolokacija\"> <span class=\"Kolokacija__odrednica\">Kakva je korizma?<\/span> <span class=\"Kolokacija__kolokacija\">ovogodi\u0161nja, pro\u0161logodi\u0161nja<\/span><\/span><\/p>\n<p align=\"justify\" style=\"margin:0pt;\"><span class=\"Kolokacija\"> <span class=\"Kolokacija__odrednica\">\u0160to korizma mo\u017ee?<\/span> <span class=\"Kolokacija__kolokacija\">pozvati (na dobra djela, na pokoru)<\/span><\/span><\/p>\n<p align=\"justify\" style=\"margin:0pt;\"><span class=\"Kolokacija\"> <span class=\"Kolokacija__odrednica\">Koordinacija:<\/span> <span class=\"Kolokacija__kolokacija\">korizma i Uskrs; advent i korizma, do\u0161a\u0161\u0107e i korizma <\/span><\/span><\/p>\n<p align=\"justify\" style=\"margin:0pt;\"><span class=\"Kolokacija\"> <span class=\"Kolokacija__odrednica\">U vezi s korizmom spominje se:<\/span> <span class=\"Kolokacija__kolokacija\">dan, doba, kraj, nedjelja, po\u010detak, razdoblje, smisao, tjedan, vrijeme<\/span><\/span><\/p>\n<p align=\"justify\" style=\"margin:0pt;\"><span class=\"Normativna_nap\">\u2022 <span class=\"Normativna_nap__napomena\">Naziv <i>korizma<\/i> pi\u0161e se malim slovom na temelju pravopisnoga pravila da se nazivi vjerskih razdoblja, dijelova crkvene godine, obreda i obi\u010daja koji nisu blagdani te op\u0107ih vjerskih simbola i pojmova pi\u0161u malim slovom (<i>advent<\/i>\/<i>do\u0161a\u0161\u0107e<\/i>, <i>bar micva<\/i>, <i>bat micva<\/i>, <i>hostija<\/i>, <i>korizma<\/i>, <i>kri\u017eni put<\/i>, <i>namaz<\/i>, <i>post<\/i>, <i>prva pri\u010dest<\/i>, <i>ramazan<\/i>, <i>sabah<\/i>, <i>sudnji dan<\/i> \/ <i>posljednji sud<\/i>, <i>sveta misa<\/i>, <i>sveta potvrda<\/i> \/ <i>krizma<\/i>, <i>sveto kr\u0161tenje<\/i>, <i>\u0161abat<\/i>, <i>zornica<\/i> itd.).<\/span><\/span><\/p>\n<p align=\"justify\" style=\"margin:0pt;\"><span class=\"Tvorbena_raz\"\/><\/p>\n<p align=\"justify\" style=\"margin:0pt;\"> <span class=\"Tvorbena_raz__mrtve_tvorenice\">tvorenice: korizmeni<\/span><\/p>\n<p align=\"justify\" style=\"margin:0pt;\"><span class=\"vanjska_poveznica\"> <span class=\"vanjska_poveznica__izvor\">Kolokacijska baza hrvatskoga jezika: <\/span> <a class=\"vanjska_poveznica__poveznica\" href=\"http:\/\/ihjj.hr\/kolokacije\/search\/?q=korizma&amp;search_type=basic\" target=\"_blank\">http:\/\/ihjj.hr\/kolokacije\/search\/?q=korizma&amp;search_type=basic<\/a><\/span><\/p>\n<p>   <button class=\"deca_veza\"><a href=\"..\/korizma-ucenici\">modul za u\u010denike<\/a><\/button> <\/p>\n","protected":false},"excerpt":{"rendered":"<p>Korizma je razdoblje kr\u0161\u0107anske pripreme za Uskrs koje traje od Pepelnice do Velikoga \u010detvrtka.<\/p>\n","protected":false},"author":1,"featured_media":0,"comment_status":"closed","ping_status":"closed","sticky":false,"template":"","format":"standard","meta":{"footnotes":""},"categories":[5,49],"tags":[102],"class_list":["post-123743","post","type-post","status-publish","format-standard","hentry","category-osnovni","category-osnovni-k","tag-im-z"],"_links":{"self":[{"href":"https:\/\/rjecnik.hr\/mreznik\/wp-json\/wp\/v2\/posts\/123743","targetHints":{"allow":["GET"]}}],"collection":[{"href":"https:\/\/rjecnik.hr\/mreznik\/wp-json\/wp\/v2\/posts"}],"about":[{"href":"https:\/\/rjecnik.hr\/mreznik\/wp-json\/wp\/v2\/types\/post"}],"author":[{"embeddable":true,"href":"https:\/\/rjecnik.hr\/mreznik\/wp-json\/wp\/v2\/users\/1"}],"replies":[{"embeddable":true,"href":"https:\/\/rjecnik.hr\/mreznik\/wp-json\/wp\/v2\/comments?post=123743"}],"version-history":[{"count":1,"href":"https:\/\/rjecnik.hr\/mreznik\/wp-json\/wp\/v2\/posts\/123743\/revisions"}],"predecessor-version":[{"id":124375,"href":"https:\/\/rjecnik.hr\/mreznik\/wp-json\/wp\/v2\/posts\/123743\/revisions\/124375"}],"wp:attachment":[{"href":"https:\/\/rjecnik.hr\/mreznik\/wp-json\/wp\/v2\/media?parent=123743"}],"wp:term":[{"taxonomy":"category","embeddable":true,"href":"https:\/\/rjecnik.hr\/mreznik\/wp-json\/wp\/v2\/categories?post=123743"},{"taxonomy":"post_tag","embeddable":true,"href":"https:\/\/rjecnik.hr\/mreznik\/wp-json\/wp\/v2\/tags?post=123743"}],"curies":[{"name":"wp","href":"https:\/\/api.w.org\/{rel}","templated":true}]}}