{"id":123752,"date":"2025-11-24T12:06:02","date_gmt":"2025-11-24T12:06:02","guid":{"rendered":"https:\/\/rjecnik.hr\/mreznik\/koronasica\/"},"modified":"2025-11-25T09:47:21","modified_gmt":"2025-11-25T08:47:21","slug":"koronasica","status":"publish","type":"post","link":"https:\/\/rjecnik.hr\/mreznik\/koronasica\/","title":{"rendered":"korona\u0161ica"},"content":{"rendered":"<p align=\"justify\" style=\"margin:20pt 0pt 0pt 5pt;text-indent:-5pt;\"><span class=\"Lemma\"> <span class=\"Lemma__Naglaseno\">koron\u00e0\u0161ica <\/span><span class=\"Lemma__LemmaSign\">korona\u0161ica<\/span> <span class=\"Lemma__vrsta_rijeci\">im. \u017e.<\/span><span class=\"Gramaticki_blok\"><span class=\"Oblici\"> (<span class=\"Oblici__naglaseni\">G koron\u00e0\u0161ic\u0113, DL koron\u00e0\u0161ici, A koron\u00e0\u0161icu, V koron\u00e0\u0161ice, I koron\u00e0\u0161ic\u014dm; <i>mn. <\/i>NAV koron\u00e0\u0161ice, G koron\u00e0\u0161\u012bc\u0101, DLI koron\u00e0\u0161icama<\/span>)<\/span><\/span><\/span><\/p>\n<p align=\"justify\" style=\"margin:0pt;\"><span class=\"Sense\"> <span class=\"Sense__stilska_odrednica\">razg.<\/span><span class=\"Definicija\"><span class=\"Definicija__definicija\"> Korona\u0161ica je \u017eenska osoba oboljela od bolesti COVID-19.<\/span><\/span><span class=\"primjeri\"> <span class=\"Primjer\"\/><\/span><\/span><\/p>\n<p align=\"justify\" style=\"margin:0pt;\"><span class=\"Primjer__Primjer\"> &#8211; Dnevnik jedne korona\u0161ice (13) Ajmo u planine \u2013 od mora jo\u0161 ni\u0161ta (kolumna na portalu Dalmacija danas)<\/span><\/p>\n<p align=\"justify\" style=\"margin:0pt;\"><span class=\"Uporaba\">\u25e6 <span class=\"Uporaba__uporaba\">Imenice <i>korona\u0161ica<\/i> i <i>kovida\u0161ica<\/i>katkad se upotrebljavaju kao istozna\u010dnice. Me\u0111utim, katkad se njihovo zna\u010denje razlikuje tako da <i>korona\u0161ica<\/i> ozna\u010duje \u017eensku osobu koja je zara\u017eena koronavirusom, a <i>kovida\u0161ica<\/i> \u017eensku osobu koja je oboljela od bolesti COVID-19.<\/span><\/span><\/p>\n<p align=\"justify\" style=\"margin:0pt;\"><span class=\"Poveznice\"> <a class=\"References\">MU\u0160KO:  <\/a><a class=\"References\" href=\"..\/koronas\">korona\u0161<\/a> :1<\/span><\/p>\n<p align=\"justify\" style=\"margin:0pt;\"><span class=\"vanjska_poveznica\"> <span class=\"vanjska_poveznica__izvor\">Pojmovnik koronavirusa: <\/span> <a class=\"vanjska_poveznica__poveznica\" href=\"https:\/\/jezik.hr\/koronavirus\/?slovo=k\" target=\"_blank\">https:\/\/jezik.hr\/koronavirus\/?slovo=k<\/a><\/span><\/p>\n","protected":false},"excerpt":{"rendered":"<p>Korona\u0161ica je \u017eenska osoba oboljela od bolesti COVID-19.<\/p>\n","protected":false},"author":1,"featured_media":0,"comment_status":"closed","ping_status":"closed","sticky":false,"template":"","format":"standard","meta":{"footnotes":""},"categories":[5,49],"tags":[102],"class_list":["post-123752","post","type-post","status-publish","format-standard","hentry","category-osnovni","category-osnovni-k","tag-im-z"],"_links":{"self":[{"href":"https:\/\/rjecnik.hr\/mreznik\/wp-json\/wp\/v2\/posts\/123752","targetHints":{"allow":["GET"]}}],"collection":[{"href":"https:\/\/rjecnik.hr\/mreznik\/wp-json\/wp\/v2\/posts"}],"about":[{"href":"https:\/\/rjecnik.hr\/mreznik\/wp-json\/wp\/v2\/types\/post"}],"author":[{"embeddable":true,"href":"https:\/\/rjecnik.hr\/mreznik\/wp-json\/wp\/v2\/users\/1"}],"replies":[{"embeddable":true,"href":"https:\/\/rjecnik.hr\/mreznik\/wp-json\/wp\/v2\/comments?post=123752"}],"version-history":[{"count":1,"href":"https:\/\/rjecnik.hr\/mreznik\/wp-json\/wp\/v2\/posts\/123752\/revisions"}],"predecessor-version":[{"id":124384,"href":"https:\/\/rjecnik.hr\/mreznik\/wp-json\/wp\/v2\/posts\/123752\/revisions\/124384"}],"wp:attachment":[{"href":"https:\/\/rjecnik.hr\/mreznik\/wp-json\/wp\/v2\/media?parent=123752"}],"wp:term":[{"taxonomy":"category","embeddable":true,"href":"https:\/\/rjecnik.hr\/mreznik\/wp-json\/wp\/v2\/categories?post=123752"},{"taxonomy":"post_tag","embeddable":true,"href":"https:\/\/rjecnik.hr\/mreznik\/wp-json\/wp\/v2\/tags?post=123752"}],"curies":[{"name":"wp","href":"https:\/\/api.w.org\/{rel}","templated":true}]}}