{"id":123794,"date":"2025-11-24T12:06:05","date_gmt":"2025-11-24T12:06:05","guid":{"rendered":"https:\/\/rjecnik.hr\/mreznik\/kozmeticar\/"},"modified":"2025-11-25T09:47:23","modified_gmt":"2025-11-25T08:47:23","slug":"kozmeticar","status":"publish","type":"post","link":"https:\/\/rjecnik.hr\/mreznik\/kozmeticar\/","title":{"rendered":"kozmeti\u010dar"},"content":{"rendered":"<p align=\"justify\" style=\"margin:20pt 0pt 0pt 5pt;text-indent:-5pt;\"><span class=\"Lemma\"> <span class=\"Lemma__Naglaseno\">kozm\u00e8ti\u010d\u0101r <\/span><span class=\"Lemma__LemmaSign\">kozmeti\u010dar<\/span> <span class=\"Lemma__vrsta_rijeci\">im. m.<\/span><span class=\"Gramaticki_blok\"><span class=\"Oblici\"> (<span class=\"Oblici__naglaseni\">GA kozm\u00e8ti\u010d\u0101ra, DL kozm\u00e8ti\u010d\u0101ru, V kozm\u00e8ti\u010d\u0101ru\/kozm\u00e8ti\u010d\u0101re, I kozm\u00e8ti\u010d\u0101rom\/kozm\u00e8ti\u010d\u0101rem; <i>mn. <\/i>NV kozm\u00e8ti\u010d\u0101ri, G kozm\u00e8ti\u010d\u0101r\u0101, DLI kozm\u00e8ti\u010d\u0101rima, A kozm\u00e8ti\u010d\u0101re<\/span>)<\/span><\/span><\/span><\/p>\n<p align=\"justify\" style=\"margin:0pt;\"><span class=\"Sense\"><span class=\"Definicija\"><span class=\"Definicija__definicija\"> Kozmeti\u010dar je odrasla osoba bez obzira na spol ili mu\u0161karac kojemu je zanimanje njega lica i tijela.<\/span><\/span><span class=\"primjeri\"> <span class=\"Primjer\"\/><\/span><\/span><\/p>\n<p align=\"justify\" style=\"margin:0pt;\"><span class=\"Primjer__Primjer\"> &#8211; Ceh frizera i kozmeti\u010dara Hrvatske obrtni\u010dke komore zagovara smanjenje stope PDV-a sa sada\u0161njih 25 na 10 %.<\/span><\/p>\n<p> <span class=\"Primjer\"\/> <\/p>\n<p align=\"justify\" style=\"margin:0pt;\"><span class=\"Primjer__Primjer\"> &#8211; Pokvarila sam si <span style=\"font-style:normal\">make up<\/span>, ali to je Kamelio (moj kozmeti\u010dar) brzo sredio.<\/span><\/p>\n<p align=\"justify\" style=\"margin:0pt 0pt 0pt 10pt;\"><span class=\"kolokacije\"\/><\/p>\n<p align=\"justify\" style=\"margin:0pt;\"><span class=\"Kolokacija\"> <span class=\"Kolokacija__odrednica\">Kakav je kozmeti\u010dar?<\/span> <span class=\"Kolokacija__kolokacija\">iskusan, stru\u010dan, profesionalni<\/span><\/span><\/p>\n<p align=\"justify\" style=\"margin:0pt;\"><span class=\"Kolokacija\"> <span class=\"Kolokacija__odrednica\">\u0160to kozmeti\u010dar mo\u017ee?<\/span> <span class=\"Kolokacija__kolokacija\">preporu\u010diti (umivanje vodom, kremu), savjetovati (tretiranje lica, dubinsku masa\u017eu, depilaciju voskom)<\/span><\/span><\/p>\n<p align=\"justify\" style=\"margin:0pt;\"><span class=\"Kolokacija\"> <span class=\"Kolokacija__odrednica\">Koordinacija:<\/span> <span class=\"Kolokacija__kolokacija\">kozmeti\u010dar i viza\u017eist; kozmeti\u010dari i dermatolozi, kozmeti\u010dari i frizeri, kozmeti\u010dari i maseri, kozmeti\u010dari i njegovatelji, kozmeti\u010dari i pedikeri; kozmeti\u010dar ili maser<\/span><\/span><\/p>\n<p align=\"justify\" style=\"margin:0pt;\"><span class=\"Poveznice\"> <a class=\"References\">\u017dENSKO:  <\/a><a class=\"References\" href=\"..\/kozmeticarka\">kozmeti\u010darka<\/a> :1<\/span><\/p>\n<p align=\"justify\" style=\"margin:0pt;\"><span class=\"Subentry\"><span class=\"Subentry__LemmaSign\"> medicinski kozmeti\u010dar<\/span><\/span><\/p>\n<p align=\"justify\" style=\"margin:0pt;\"><span class=\"Sense\"><span class=\"Definicija\"><span class=\"Definicija__definicija\"> Medicinski kozmeti\u010dar odrasla je osoba bez obzira na spol ili mu\u0161karac kojemu je zanimanje medicinska njega lica i tijela.<\/span><\/span><span class=\"primjeri\"> <span class=\"Primjer\"\/><\/span><\/span><\/p>\n<p align=\"justify\" style=\"margin:0pt;\"><span class=\"Primjer__Primjer\"> &#8211; I u Medicinskoj \u0161koli ostalo je ne\u0161to mjesta, i to za medicinske kozmeti\u010dare.<\/span><\/p>\n<p> <span class=\"Primjer\"\/> <\/p>\n<p align=\"justify\" style=\"margin:0pt;\"><span class=\"Primjer__Primjer\"> &#8211; Rje\u0161enjem Ministarstva znanosti, obrazovanja i \u0161porta od 1. travnja 2010. odobreno je Srednjoj \u0161koli \u010cakovec obrazovanih programa za primalje asistentice, fizioterapeutske tehni\u010dare\/tehni\u010darke i medicinske kozmeti\u010dare\/kozmeti\u010darke.<\/span><\/p>\n<p align=\"justify\" style=\"margin:0pt 0pt 0pt 10pt;\"><span class=\"kolokacije\"\/><\/p>\n<p align=\"justify\" style=\"margin:0pt;\"><span class=\"Kolokacija\"> <span class=\"Kolokacija__odrednica\">Koordinacija:<\/span> <span class=\"Kolokacija__kolokacija\">medicinski kozmeti\u010dar i fizioterapeut; medicinske sestre i medicinski kozmeti\u010dari; medicinska sestra \/ medicinski tehni\u010dar <\/span><\/span><\/p>\n<p align=\"justify\" style=\"margin:0pt;\"><span class=\"Poveznice\"> <a class=\"References\">\u017dENSKO:  <\/a><a class=\"References\" href=\"..\/kozmeticarka\">kozmeti\u010darka<\/a> medicinska kozmeti\u010darka :1<\/span><\/p>\n<p align=\"justify\" style=\"margin:0pt;\"><span class=\"Tvorbena_raz\"\/><\/p>\n<p align=\"justify\" style=\"margin:0pt;\"> <span class=\"Tvorbena_raz__tvorba\">tvorba: kozmetik-jar<\/span><\/p>\n<p><span class=\"References\">TVORENICE: <a class=\"References\" href=\"..\/kozmeticarev\">kozmeti\u010darev<\/a><span class=\"referenceseparator\">, <\/span><a class=\"References\" href=\"..\/kozmeticarka\">kozmeti\u010darka<\/a><span class=\"referenceseparator\">, <\/span><a class=\"References\" href=\"..\/kozmeticarov\">kozmeti\u010darov<\/a><\/span><\/p>\n<p align=\"justify\" style=\"margin:0pt;\"><span class=\"vanjska_poveznica\"> <span class=\"vanjska_poveznica__izvor\">Baza hrvatskih morfolo\u0161kih dubleta (DvojBa): <\/span> <a class=\"vanjska_poveznica__poveznica\" href=\"http:\/\/dublete.jezik.hr\/morph\/lemma\/274\/\" target=\"_blank\">http:\/\/dublete.jezik.hr\/morph\/lemma\/274\/<\/a><\/span><\/p>\n","protected":false},"excerpt":{"rendered":"<p>Kozmeti\u010dar je odrasla osoba bez obzira na spol ili mu\u0161karac kojemu je zanimanje njega lica i tijela.<\/p>\n","protected":false},"author":1,"featured_media":0,"comment_status":"closed","ping_status":"closed","sticky":false,"template":"","format":"standard","meta":{"footnotes":""},"categories":[5,49],"tags":[98],"class_list":["post-123794","post","type-post","status-publish","format-standard","hentry","category-osnovni","category-osnovni-k","tag-im-m"],"_links":{"self":[{"href":"https:\/\/rjecnik.hr\/mreznik\/wp-json\/wp\/v2\/posts\/123794","targetHints":{"allow":["GET"]}}],"collection":[{"href":"https:\/\/rjecnik.hr\/mreznik\/wp-json\/wp\/v2\/posts"}],"about":[{"href":"https:\/\/rjecnik.hr\/mreznik\/wp-json\/wp\/v2\/types\/post"}],"author":[{"embeddable":true,"href":"https:\/\/rjecnik.hr\/mreznik\/wp-json\/wp\/v2\/users\/1"}],"replies":[{"embeddable":true,"href":"https:\/\/rjecnik.hr\/mreznik\/wp-json\/wp\/v2\/comments?post=123794"}],"version-history":[{"count":1,"href":"https:\/\/rjecnik.hr\/mreznik\/wp-json\/wp\/v2\/posts\/123794\/revisions"}],"predecessor-version":[{"id":124426,"href":"https:\/\/rjecnik.hr\/mreznik\/wp-json\/wp\/v2\/posts\/123794\/revisions\/124426"}],"wp:attachment":[{"href":"https:\/\/rjecnik.hr\/mreznik\/wp-json\/wp\/v2\/media?parent=123794"}],"wp:term":[{"taxonomy":"category","embeddable":true,"href":"https:\/\/rjecnik.hr\/mreznik\/wp-json\/wp\/v2\/categories?post=123794"},{"taxonomy":"post_tag","embeddable":true,"href":"https:\/\/rjecnik.hr\/mreznik\/wp-json\/wp\/v2\/tags?post=123794"}],"curies":[{"name":"wp","href":"https:\/\/api.w.org\/{rel}","templated":true}]}}