{"id":123813,"date":"2025-11-24T12:06:06","date_gmt":"2025-11-24T12:06:06","guid":{"rendered":"https:\/\/rjecnik.hr\/mreznik\/kranjski\/"},"modified":"2025-11-25T09:47:25","modified_gmt":"2025-11-25T08:47:25","slug":"kranjski","status":"publish","type":"post","link":"https:\/\/rjecnik.hr\/mreznik\/kranjski\/","title":{"rendered":"kranjski"},"content":{"rendered":"<p align=\"justify\" style=\"margin:20pt 0pt 0pt 5pt;text-indent:-5pt;\"><span class=\"Lemma\"> <span class=\"Lemma__Naglaseno\">kr\u0203njsk\u012b <\/span><span class=\"Lemma__LemmaSign\">kranjski<\/span> <span class=\"Lemma__vrsta_rijeci\">prid.<\/span><span class=\"Gramaticki_blok\"><span class=\"Oblici\"> (<span class=\"Oblici__naglaseni\">G kr\u0203njsk\u014dg(a); <i>\u017e.<\/i> kr\u0203njsk\u0101, <i>s<\/i>. kr\u0203njsk\u014d<\/span>)<\/span><\/span><\/span><\/p>\n<p align=\"justify\" style=\"margin:0pt;\"><span class=\"Sense\"><span class=\"Definicija\"><span class=\"Definicija__definicija\"> Kranjski je koji se odnosi na Kranjsku i Kranjce.<\/span><\/span><span class=\"primjeri\"> <span class=\"Primjer\"\/><\/span><\/span><\/p>\n<p align=\"justify\" style=\"margin:0pt;\"><span class=\"Primjer__Primjer\"> &#8211; Radilice kranjske p\u010dele imaju izniman nagon za sakupljanje hrane u prirodi.<\/span><\/p>\n<p> <span class=\"Primjer\"\/> <\/p>\n<p align=\"justify\" style=\"margin:0pt;\"><span class=\"Primjer__Primjer\"> &#8211; Svu trgovinu hrvatskim knjigama vodio je Fabijan Kirchberger, zemaljski ratni tajnik kranjskih stale\u017ea.<\/span><\/p>\n<p align=\"justify\" style=\"margin:0pt 0pt 0pt 10pt;\"><span class=\"kolokacije\"\/><\/p>\n<p align=\"justify\" style=\"margin:0pt;\"><span class=\"Kolokacija\"> <span class=\"Kolokacija__odrednica\">\u0160to je kranjsko?<\/span> <span class=\"Kolokacija__kolokacija\">gorje, planina, plemstvo, policija, trgovac, vojvoda, zlatar, \u017eupan; kranjska kobasica, kranjski ljiljan, kranjska p\u010dela<\/span><\/span><\/p>\n<p align=\"justify\" style=\"margin:0pt;\"><span class=\"Kolokacija\"> <span class=\"Kolokacija__odrednica\">Koordinacija:<\/span> <span class=\"Kolokacija__kolokacija\">kranjski i koru\u0161ki (kapetan, stale\u017ei, vojska, \u017eeljezari), Kranjska i \u0160tajerska, kranjski i \u0161tajerski (feudalci, trgovci, velika\u0161i, zemlja), kranjska i talijanska p\u010dela<\/span><\/span><\/p>\n<p align=\"justify\" style=\"margin:0pt;\"><span class=\"Kolokacija\"> <span class=\"Kolokacija__odrednica\">U imenima:<\/span> <span class=\"Kolokacija__kolokacija\">Kranjska Gora, Kranjski zemaljski stale\u017ei<\/span><\/span><\/p>\n<p align=\"justify\" style=\"margin:0pt;\"><span class=\"Uporaba\">\u25e6 <span class=\"Uporaba__uporaba\">Razli\u010dite su se ina\u010dice mu\u0161koga etnika okamenile u hrvatskim prezimenima kao \u0161to su <i>Hranjec<\/i>, <i>Kranjac<\/i>, <i>Kranj\u010devi\u0107<\/i> i <i>Kranjec<\/i>. Etnik <i>Kranjac<\/i> ozna\u010duje u nekim hrvatskim krajevima Slovenca.<\/span><\/span><\/p>\n<p align=\"justify\" style=\"margin:0pt;\"><span class=\"Tvorbena_raz\"\/><\/p>\n<p align=\"justify\" style=\"margin:0pt;\"> <span class=\"Tvorbena_raz__tvorba\">tvorba: kranj-ski<\/span><\/p>\n<p align=\"justify\" style=\"margin:0pt;\"><span class=\"vanjska_poveznica\"> <span class=\"vanjska_poveznica__izvor\">Baza etnika i ktetika: <\/span> <a class=\"vanjska_poveznica__poveznica\" href=\"http:\/\/hrvatski.hr\/etnici-i-ktetici\/\" target=\"_blank\">http:\/\/hrvatski.hr\/etnici-i-ktetici\/<\/a><\/span><\/p>\n","protected":false},"excerpt":{"rendered":"<p>Kranjski je koji se odnosi na Kranjsku i Kranjce.<\/p>\n","protected":false},"author":1,"featured_media":0,"comment_status":"closed","ping_status":"closed","sticky":false,"template":"","format":"standard","meta":{"footnotes":""},"categories":[5,49],"tags":[103],"class_list":["post-123813","post","type-post","status-publish","format-standard","hentry","category-osnovni","category-osnovni-k","tag-prid"],"_links":{"self":[{"href":"https:\/\/rjecnik.hr\/mreznik\/wp-json\/wp\/v2\/posts\/123813","targetHints":{"allow":["GET"]}}],"collection":[{"href":"https:\/\/rjecnik.hr\/mreznik\/wp-json\/wp\/v2\/posts"}],"about":[{"href":"https:\/\/rjecnik.hr\/mreznik\/wp-json\/wp\/v2\/types\/post"}],"author":[{"embeddable":true,"href":"https:\/\/rjecnik.hr\/mreznik\/wp-json\/wp\/v2\/users\/1"}],"replies":[{"embeddable":true,"href":"https:\/\/rjecnik.hr\/mreznik\/wp-json\/wp\/v2\/comments?post=123813"}],"version-history":[{"count":1,"href":"https:\/\/rjecnik.hr\/mreznik\/wp-json\/wp\/v2\/posts\/123813\/revisions"}],"predecessor-version":[{"id":124445,"href":"https:\/\/rjecnik.hr\/mreznik\/wp-json\/wp\/v2\/posts\/123813\/revisions\/124445"}],"wp:attachment":[{"href":"https:\/\/rjecnik.hr\/mreznik\/wp-json\/wp\/v2\/media?parent=123813"}],"wp:term":[{"taxonomy":"category","embeddable":true,"href":"https:\/\/rjecnik.hr\/mreznik\/wp-json\/wp\/v2\/categories?post=123813"},{"taxonomy":"post_tag","embeddable":true,"href":"https:\/\/rjecnik.hr\/mreznik\/wp-json\/wp\/v2\/tags?post=123813"}],"curies":[{"name":"wp","href":"https:\/\/api.w.org\/{rel}","templated":true}]}}