{"id":123822,"date":"2025-11-24T12:06:07","date_gmt":"2025-11-24T12:06:07","guid":{"rendered":"https:\/\/rjecnik.hr\/mreznik\/kravata\/"},"modified":"2025-11-25T09:47:25","modified_gmt":"2025-11-25T08:47:25","slug":"kravata","status":"publish","type":"post","link":"https:\/\/rjecnik.hr\/mreznik\/kravata\/","title":{"rendered":"kravata"},"content":{"rendered":"<p align=\"justify\" style=\"margin:20pt 0pt 0pt 5pt;text-indent:-5pt;\"><span class=\"Lemma\"> <span class=\"Lemma__Naglaseno\">krav\u00e0ta <\/span><span class=\"Lemma__LemmaSign\">kravata<\/span> <span class=\"Lemma__zvuk\"> <a href=\"https:\/\/rjecnik.hr\/mreznik\/wp-content\/uploads\/2021\/mreznik_mediji\/kravata.mp3\"><img loading=\"lazy\" decoding=\"async\" border=\"0\" height=\"14\" src=\"https:\/\/rjecnik.hr\/mreznik\/wp-content\/uploads\/2021\/05\/Speaker-4.gif\" width=\"16\"\/><\/a><\/span> <span class=\"Lemma__vrsta_rijeci\">im. \u017e.<\/span><span class=\"Gramaticki_blok\"><span class=\"Oblici\"> (<span class=\"Oblici__naglaseni\">G krav\u00e0t\u0113, DL krav\u00e0ti, A krav\u00e0tu, I krav\u00e0t\u014dm; <i>mn. <\/i>NA krav\u00e0te, G krav\u00e1t\u0101, DLI \u00a0krav\u00e0tama<\/span>)<\/span><\/span><\/span><\/p>\n<p align=\"justify\" style=\"margin:0pt;\"><span class=\"Sense\"><span class=\"Definicija\"><span class=\"Definicija__definicija\"> Kravata je dio odje\u0107e koji se ve\u017ee posebnom petljom oko vrata, ispod ovratnika ko\u0161ulje.<\/span><\/span><span class=\"primjeri\"> <span class=\"Primjer\"\/><\/span><\/span><\/p>\n<p align=\"justify\" style=\"margin:0pt;\"><span class=\"Primjer__Primjer\"> &#8211; Posljednjih nekoliko godina upravo su bijele ko\u0161ulje veliki hit, a lako ih je uskladiti s odijelom i kravatom.<\/span><\/p>\n<p> <span class=\"Primjer\"\/> <\/p>\n<p align=\"justify\" style=\"margin:0pt;\"><span class=\"Primjer__Primjer\"> &#8211; Ve\u0107ina ispitanica istaknula je kako voli mu\u0161karce koji nose odijela, ko\u0161ulje, kravatu i skupe satove. <\/span><\/p>\n<p> <span class=\"Primjer\"\/> <\/p>\n<p align=\"justify\" style=\"margin:0pt;\"><span class=\"Primjer__Primjer\"> &#8211; Posjetitelji velik interes pokazuju i za prodajni dio s ponudom kravata, rubaca, \u0161alova i ko\u017ene galanterije, a iznena\u0111eni su \u010dinjenicom da je Hrvatska domovina kravate.<\/span><\/p>\n<p align=\"justify\" style=\"margin:0pt 0pt 0pt 10pt;\"><span class=\"kolokacije\"\/><\/p>\n<p align=\"justify\" style=\"margin:0pt;\"><span class=\"Kolokacija\"> <span class=\"Kolokacija__odrednica\">Kakva je kravata?<\/span> <span class=\"Kolokacija__kolokacija\">mu\u0161ka, svilena, tamna, tanka, uska; bijela, crna, crvena, plava, \u0161arena, \u017euta<\/span><\/span><\/p>\n<p align=\"justify\" style=\"margin:0pt;\"><span class=\"Kolokacija\"> <span class=\"Kolokacija__odrednica\">\u0160to se s kravatom mo\u017ee?<\/span> <span class=\"Kolokacija__kolokacija\">kupiti je, nositi je, popraviti je, skinuti je, svezati je, zavezati je<\/span><\/span><\/p>\n<p align=\"justify\" style=\"margin:0pt;\"><span class=\"Kolokacija\"> <span class=\"Kolokacija__odrednica\">Koordinacija:<\/span> <span class=\"Kolokacija__kolokacija\">kravata i cipele, kravata i ko\u0161ulja, kravata i marama, kravata i leptir-ma\u0161na, kravata i odijela, kravata i sako<\/span><\/span><\/p>\n<p align=\"justify\" style=\"margin:0pt;\"><span class=\"Tvorbena_raz\"\/><\/p>\n<p align=\"justify\" style=\"margin:0pt;\"> <span class=\"Tvorbena_raz__mrtve_tvorenice\">tvorenice: kravatica, leptir-kravata, Kravat-pukovnija<\/span><\/p>\n<p align=\"justify\" style=\"margin:0pt;\"><span class=\"vanjska_poveznica\"> <span class=\"vanjska_poveznica__izvor\">Kolokacijska baza hrvatskoga jezika: <\/span> <a class=\"vanjska_poveznica__poveznica\" href=\"http:\/\/ihjj.hr\/kolokacije\/search\/?q=kravata&amp;search_type=basic\" target=\"_blank\">http:\/\/ihjj.hr\/kolokacije\/search\/?q=kravata&amp;search_type=basic<\/a><\/span><\/p>\n<p>   <button class=\"deca_veza\"><a href=\"..\/kravata-ucenici\">modul za u\u010denike<\/a><\/button> <\/p>\n","protected":false},"excerpt":{"rendered":"<p>Kravata je dio odje\u0107e koji se ve\u017ee posebnom petljom oko vrata, ispod ovratnika ko\u0161ulje.<\/p>\n","protected":false},"author":1,"featured_media":0,"comment_status":"closed","ping_status":"closed","sticky":false,"template":"","format":"standard","meta":{"footnotes":""},"categories":[5,49],"tags":[102],"class_list":["post-123822","post","type-post","status-publish","format-standard","hentry","category-osnovni","category-osnovni-k","tag-im-z"],"_links":{"self":[{"href":"https:\/\/rjecnik.hr\/mreznik\/wp-json\/wp\/v2\/posts\/123822","targetHints":{"allow":["GET"]}}],"collection":[{"href":"https:\/\/rjecnik.hr\/mreznik\/wp-json\/wp\/v2\/posts"}],"about":[{"href":"https:\/\/rjecnik.hr\/mreznik\/wp-json\/wp\/v2\/types\/post"}],"author":[{"embeddable":true,"href":"https:\/\/rjecnik.hr\/mreznik\/wp-json\/wp\/v2\/users\/1"}],"replies":[{"embeddable":true,"href":"https:\/\/rjecnik.hr\/mreznik\/wp-json\/wp\/v2\/comments?post=123822"}],"version-history":[{"count":1,"href":"https:\/\/rjecnik.hr\/mreznik\/wp-json\/wp\/v2\/posts\/123822\/revisions"}],"predecessor-version":[{"id":124454,"href":"https:\/\/rjecnik.hr\/mreznik\/wp-json\/wp\/v2\/posts\/123822\/revisions\/124454"}],"wp:attachment":[{"href":"https:\/\/rjecnik.hr\/mreznik\/wp-json\/wp\/v2\/media?parent=123822"}],"wp:term":[{"taxonomy":"category","embeddable":true,"href":"https:\/\/rjecnik.hr\/mreznik\/wp-json\/wp\/v2\/categories?post=123822"},{"taxonomy":"post_tag","embeddable":true,"href":"https:\/\/rjecnik.hr\/mreznik\/wp-json\/wp\/v2\/tags?post=123822"}],"curies":[{"name":"wp","href":"https:\/\/api.w.org\/{rel}","templated":true}]}}