{"id":123832,"date":"2025-11-24T12:06:07","date_gmt":"2025-11-24T12:06:07","guid":{"rendered":"https:\/\/rjecnik.hr\/mreznik\/kresevski\/"},"modified":"2025-11-25T09:47:25","modified_gmt":"2025-11-25T08:47:25","slug":"kresevski","status":"publish","type":"post","link":"https:\/\/rjecnik.hr\/mreznik\/kresevski\/","title":{"rendered":"kre\u0161evski"},"content":{"rendered":"<p align=\"justify\" style=\"margin:20pt 0pt 0pt 5pt;text-indent:-5pt;\"><span class=\"Lemma\"> <span class=\"Lemma__Naglaseno\">kr\u0205\u0161evsk\u012b <\/span><span class=\"Lemma__LemmaSign\">kre\u0161evski<\/span> <span class=\"Lemma__vrsta_rijeci\">prid.<\/span><span class=\"Gramaticki_blok\"><span class=\"Oblici\"> (<span class=\"Oblici__naglaseni\">G kr\u0205\u0161evsk\u014dg(a); <i>\u017e.<\/i> kr\u0205\u0161evsk\u0101, <i>s<\/i>. kr\u0205\u0161evsk\u014d<\/span>)<\/span><\/span><\/span><\/p>\n<p align=\"justify\" style=\"margin:0pt;\"><span class=\"Sense\"><span class=\"Definicija\"><span class=\"Definicija__definicija\"> Kre\u0161evski je koji se odnosi na Kre\u0161evo i Kre\u0161evljake.<\/span><\/span><span class=\"primjeri\"> <span class=\"Primjer\"\/><\/span><\/span><\/p>\n<p align=\"justify\" style=\"margin:0pt;\"><span class=\"Primjer__Primjer\"> &#8211; U XVII. stolje\u0107u kre\u0161evski franjevci donose knjigu o rudarstvu i metalurgiji <span style=\"font-style:normal\">De re metallica<\/span>, autora Georgiusa Agricolae, koja je tiskana 1657. u Italiji.<\/span><\/p>\n<p> <span class=\"Primjer\"\/> <\/p>\n<p align=\"justify\" style=\"margin:0pt;\"><span class=\"Primjer__Primjer\"> &#8211; Prozor je imao svoj tvrdi grad Studenac. koji je bio je va\u017ean i po tome \u0161to je kraj njega prolazio va\u017ean trgova\u010dki put iz Splita preko Duvanjskog polja u dolinu rijeke Bosne do fojni\u010dkih i kre\u0161evskih rudnika.<\/span><\/p>\n<p align=\"justify\" style=\"margin:0pt 0pt 0pt 10pt;\"><span class=\"kolokacije\"\/><\/p>\n<p align=\"justify\" style=\"margin:0pt;\"><span class=\"Kolokacija\"> <span class=\"Kolokacija__odrednica\">\u0160to je kre\u0161evsko?<\/span> <span class=\"Kolokacija__kolokacija\">franjevac, gospodarstvenik, groblje, gvardijan, kraj, nahija <i>pov.<\/i>, op\u0107ina, samostan, vatrogasac, zaselak, \u017eupa<\/span><\/span><\/p>\n<p align=\"justify\" style=\"margin:0pt;\"><span class=\"Kolokacija\"> <span class=\"Kolokacija__odrednica\">Koordinacija:<\/span> <span class=\"Kolokacija__kolokacija\">kre\u0161evski i fojni\u010dki (gvardijan, rudnik, samostan), kre\u0161evski i kuselja\u010dki (na\u010delnik, sela, vatrogasci)<\/span><\/span><\/p>\n<p align=\"justify\" style=\"margin:0pt;\"><span class=\"Kolokacija\"> <span class=\"Kolokacija__odrednica\">U imenima:<\/span> <span class=\"Kolokacija__kolokacija\">Kre\u0161evski dekanat, Kre\u0161evska deklaracija (2007.), Kre\u0161evska povelja (1434.)<\/span><\/span><\/p>\n<p align=\"justify\" style=\"margin:0pt;\"><span class=\"Uporaba\">\u25e6 <span class=\"Uporaba__uporaba\">Etnik <i>Kre\u0161evljak<\/i> odnosi se na Kre\u0161evo u sredi\u0161njoj Bosni, a <i>Kre\u0161evac<\/i> na Kre\u0161evo kod \u0160estanovca u Dalmaciji.<\/span><\/span><\/p>\n<p align=\"justify\" style=\"margin:0pt;\"><span class=\"Tvorbena_raz\"\/><\/p>\n<p align=\"justify\" style=\"margin:0pt;\"> <span class=\"Tvorbena_raz__tvorba\">tvorba: kre\u0161ev-ski<\/span><\/p>\n<p align=\"justify\" style=\"margin:0pt;\"><span class=\"vanjska_poveznica\"> <span class=\"vanjska_poveznica__izvor\">Baza etnika i ktetika: <\/span> <a class=\"vanjska_poveznica__poveznica\" href=\"http:\/\/hrvatski.hr\/etnici-i-ktetici\/\" target=\"_blank\">http:\/\/hrvatski.hr\/etnici-i-ktetici\/<\/a><\/span><\/p>\n","protected":false},"excerpt":{"rendered":"<p>Kre\u0161evski je koji se odnosi na Kre\u0161evo i Kre\u0161evljake.<\/p>\n","protected":false},"author":1,"featured_media":0,"comment_status":"closed","ping_status":"closed","sticky":false,"template":"","format":"standard","meta":{"footnotes":""},"categories":[5,49],"tags":[103],"class_list":["post-123832","post","type-post","status-publish","format-standard","hentry","category-osnovni","category-osnovni-k","tag-prid"],"_links":{"self":[{"href":"https:\/\/rjecnik.hr\/mreznik\/wp-json\/wp\/v2\/posts\/123832","targetHints":{"allow":["GET"]}}],"collection":[{"href":"https:\/\/rjecnik.hr\/mreznik\/wp-json\/wp\/v2\/posts"}],"about":[{"href":"https:\/\/rjecnik.hr\/mreznik\/wp-json\/wp\/v2\/types\/post"}],"author":[{"embeddable":true,"href":"https:\/\/rjecnik.hr\/mreznik\/wp-json\/wp\/v2\/users\/1"}],"replies":[{"embeddable":true,"href":"https:\/\/rjecnik.hr\/mreznik\/wp-json\/wp\/v2\/comments?post=123832"}],"version-history":[{"count":1,"href":"https:\/\/rjecnik.hr\/mreznik\/wp-json\/wp\/v2\/posts\/123832\/revisions"}],"predecessor-version":[{"id":124464,"href":"https:\/\/rjecnik.hr\/mreznik\/wp-json\/wp\/v2\/posts\/123832\/revisions\/124464"}],"wp:attachment":[{"href":"https:\/\/rjecnik.hr\/mreznik\/wp-json\/wp\/v2\/media?parent=123832"}],"wp:term":[{"taxonomy":"category","embeddable":true,"href":"https:\/\/rjecnik.hr\/mreznik\/wp-json\/wp\/v2\/categories?post=123832"},{"taxonomy":"post_tag","embeddable":true,"href":"https:\/\/rjecnik.hr\/mreznik\/wp-json\/wp\/v2\/tags?post=123832"}],"curies":[{"name":"wp","href":"https:\/\/api.w.org\/{rel}","templated":true}]}}