{"id":123852,"date":"2025-11-24T12:06:09","date_gmt":"2025-11-24T12:06:09","guid":{"rendered":"https:\/\/rjecnik.hr\/mreznik\/krojac\/"},"modified":"2025-11-25T09:47:26","modified_gmt":"2025-11-25T08:47:26","slug":"krojac","status":"publish","type":"post","link":"https:\/\/rjecnik.hr\/mreznik\/krojac\/","title":{"rendered":"kroja\u010d"},"content":{"rendered":"<p align=\"justify\" style=\"margin:20pt 0pt 0pt 5pt;text-indent:-5pt;\"><span class=\"Lemma\"> <span class=\"Lemma__Naglaseno\">kr\u00f2j\u0101\u010d <\/span><span class=\"Lemma__LemmaSign\">kroja\u010d<\/span> <span class=\"Lemma__zvuk\"> <a href=\"https:\/\/rjecnik.hr\/mreznik\/wp-content\/uploads\/2021\/mreznik_mediji\/krojac.mp3\"><img loading=\"lazy\" decoding=\"async\" border=\"0\" height=\"14\" src=\"https:\/\/rjecnik.hr\/mreznik\/wp-content\/uploads\/2021\/05\/Speaker-4.gif\" width=\"16\"\/><\/a><\/span> <span class=\"Lemma__vrsta_rijeci\">im. m.<\/span><span class=\"Gramaticki_blok\"><span class=\"Oblici\"> (<span class=\"Oblici__naglaseni\">GA kroj\u00e1\u010da, DL kroj\u00e1\u010du, V kr\u020dj\u0101\u010du, I kroj\u00e1\u010dem; <i>mn.<\/i> NV kroj\u00e1\u010di, G kroj\u00e1\u010d\u0101, DLI kroj\u00e1\u010dima, A kroj\u00e1\u010de<\/span>)<\/span><\/span><\/span><\/p>\n<p align=\"justify\" style=\"margin:0pt;\"><span class=\"Sense\"> <span class=\"Sense__SenseNumber\">1<\/span> <span class=\"Definicija\"><span class=\"Definicija__definicija\"> Kroja\u010d je osoba bez obzira na spol ili mu\u0161karac koji kroji i \u0161ije odje\u0107u.<\/span><\/span><span class=\"primjeri\"> <span class=\"Primjer\"\/><\/span><\/span><\/p>\n<p align=\"justify\" style=\"margin:0pt;\"><span class=\"Primjer__Primjer\"> &#8211; U\u010denice koje se \u0161koluju za zanimanje kroja\u010d na modnoj reviji predstavile su svoje radove.<\/span><\/p>\n<p> <span class=\"Primjer\"\/> <\/p>\n<p align=\"justify\" style=\"margin:0pt;\"><span class=\"Primjer__Primjer\"> &#8211; Kostimograf najprije radi nacrte kostima, pa tek onda odobrene nacrte s kroja\u010dima \u0161ije za glumce.<\/span><\/p>\n<p align=\"justify\" style=\"margin:0pt 0pt 0pt 10pt;\"><span class=\"kolokacije\"\/><\/p>\n<p align=\"justify\" style=\"margin:0pt;\"><span class=\"Kolokacija\"> <span class=\"Kolokacija__odrednica\">Kakav je kroja\u010d?<\/span> <span class=\"Kolokacija__kolokacija\">dobar, poznat, pomo\u0107ni<\/span><\/span><\/p>\n<p align=\"justify\" style=\"margin:0pt;\"><span class=\"Kolokacija\"> <span class=\"Kolokacija__odrednica\">\u0160to kroja\u010d mo\u017ee?<\/span> <span class=\"Kolokacija__kolokacija\">sa\u0161iti \u0161to, skrojiti \u0161to<\/span><\/span><\/p>\n<p align=\"justify\" style=\"margin:0pt;\"><span class=\"Kolokacija\"> <span class=\"Kolokacija__odrednica\">Koordinacija:<\/span> <span class=\"Kolokacija__kolokacija\">kroja\u010d i postolar, kroja\u010d i stolar, kroja\u010di i postolari, kroja\u010di i stolari, postolar i kroja\u010d, postolari i kroja\u010di, stolar i kroja\u010d; kroja\u010d ili postolar, stolar ili kroja\u010d<\/span><\/span><\/p>\n<p align=\"justify\" style=\"margin:0pt;\"><span class=\"Kolokacija\"> <span class=\"Kolokacija__odrednica\">U vezi s kroja\u010dem spominje se:<\/span> <span class=\"Kolokacija__kolokacija\">kolekcija, obitelj, sekcija, sin<\/span><\/span><\/p>\n<p align=\"justify\" style=\"margin:0pt;\"><span class=\"Kolokacija\"> <span class=\"Kolokacija__odrednica\">U imenima:<\/span> <span class=\"Kolokacija__kolokacija\">Kroja\u010di (nogometa\u0161i Nogometnoga kluba <i>Varteks<\/i> i rukometa\u0161i Rukometnoga kluba <i>Varteks<\/i> iz Vara\u017edina)<\/span><\/span><\/p>\n<p align=\"justify\" style=\"margin:0pt;\"><span class=\"Poveznice\"> <a class=\"References\">\u017dENSKO:  <\/a><a class=\"References\" href=\"..\/krojacica\">kroja\u010dica<\/a> :1<span class=\"poveznica\"> <span class=\"poveznica__mrtvi\">sinonim:<\/span> <span class=\"poveznica__poveznica\">\u0161najder <i>razg.<\/i><\/span><\/span><\/span><\/p>\n<p align=\"justify\" style=\"margin:0pt;\"><span class=\"Sense\"> <span class=\"Sense__SenseNumber\">2<\/span> <span class=\"Sense__stilska_odrednica\">pren.<\/span><span class=\"Definicija\"><span class=\"Definicija__definicija\"> Kroja\u010d je osoba bez obzira na spol ili mu\u0161ka osoba koja odlu\u010duje o \u010demu.<\/span><\/span><span class=\"primjeri\"> <span class=\"Primjer\"\/><\/span><\/span><\/p>\n<p align=\"justify\" style=\"margin:0pt;\"><span class=\"Primjer__Primjer\"> &#8211; Najve\u0107im dijelom kresalo se po dobrom starom receptu prora\u010dunskih kroja\u010da, koji znaju da dr\u017eava najve\u0107i dio novca za investicije i investicijsko odr\u017eavanje tro\u0161i u drugom polugodi\u0161tu, a vrlo veliki dio u posljednjem tromjese\u010dju. <\/span><\/p>\n<p> <span class=\"Primjer\"\/> <\/p>\n<p align=\"justify\" style=\"margin:0pt;\"><span class=\"Primjer__Primjer\"> &#8211; Slu\u0161aju\u0107i rasprave na\u0161ih zakonskih kroja\u010da kod prvoga, drugoga ili tre\u0107eg \u010ditanja u Saboru, stje\u010de se dojam da su premnogi od njih, \u010ditaju\u0107i djelomi\u010dno u Saboru zakonske prijedloge i novine, najvi\u0161e u \u017eivotu pro\u010ditali upravo u saborskim umjesto u u\u010deni\u010dkim klupama! <\/span><\/p>\n<p align=\"justify\" style=\"margin:0pt 0pt 0pt 10pt;\"><span class=\"kolokacije\"\/><\/p>\n<p align=\"justify\" style=\"margin:0pt;\"><span class=\"Kolokacija\"> <span class=\"Kolokacija__odrednica\">Kakav je kroja\u010d?<\/span> <span class=\"Kolokacija__kolokacija\">(politi\u010dki) mo\u0107an, prora\u010dunski, zakonski<\/span><\/span><\/p>\n<p align=\"justify\" style=\"margin:0pt;\"><span class=\"Tvorbena_raz\"\/><\/p>\n<p align=\"justify\" style=\"margin:0pt;\"> <span class=\"Tvorbena_raz__tvorba\">tvorba: kroj-a\u010d<\/span><\/p>\n<p align=\"justify\" style=\"margin:0pt;\"> <span class=\"Tvorbena_raz__mrtve_tvorenice\">tvorenice: kroja\u010dnica<\/span><\/p>\n<p><span class=\"References\">TVORENICE: <a class=\"References\" href=\"..\/krojacev\">kroja\u010dev<\/a><span class=\"referenceseparator\">, <\/span><a class=\"References\" href=\"..\/krojacica\">kroja\u010dica<\/a><span class=\"referenceseparator\">, <\/span><a class=\"References\" href=\"..\/krojacki\">kroja\u010dki<\/a><\/span><\/p>\n<p align=\"justify\" style=\"margin:0pt;\"><span class=\"vanjska_poveznica\"> <span class=\"vanjska_poveznica__izvor\">Kolokacijska baza hrvatskoga jezika: <\/span> <a class=\"vanjska_poveznica__poveznica\" href=\"http:\/\/ihjj.hr\/kolokacije\/search\/?q=kroja%C4%8D&amp;search_type=basic\" target=\"_blank\">http:\/\/ihjj.hr\/kolokacije\/search\/?q=kroja%C4%8D&amp;search_type=basic<\/a><\/span><\/p>\n<p>   <button class=\"deca_veza\"><a href=\"..\/krojac-ucenici\">modul za u\u010denike<\/a><\/button> <\/p>\n","protected":false},"excerpt":{"rendered":"<p>Kroja\u010d je osoba bez obzira na spol ili mu\u0161karac koji kroji i \u0161ije odje\u0107u.<\/p>\n","protected":false},"author":1,"featured_media":0,"comment_status":"closed","ping_status":"closed","sticky":false,"template":"","format":"standard","meta":{"footnotes":""},"categories":[5,49],"tags":[98],"class_list":["post-123852","post","type-post","status-publish","format-standard","hentry","category-osnovni","category-osnovni-k","tag-im-m"],"_links":{"self":[{"href":"https:\/\/rjecnik.hr\/mreznik\/wp-json\/wp\/v2\/posts\/123852","targetHints":{"allow":["GET"]}}],"collection":[{"href":"https:\/\/rjecnik.hr\/mreznik\/wp-json\/wp\/v2\/posts"}],"about":[{"href":"https:\/\/rjecnik.hr\/mreznik\/wp-json\/wp\/v2\/types\/post"}],"author":[{"embeddable":true,"href":"https:\/\/rjecnik.hr\/mreznik\/wp-json\/wp\/v2\/users\/1"}],"replies":[{"embeddable":true,"href":"https:\/\/rjecnik.hr\/mreznik\/wp-json\/wp\/v2\/comments?post=123852"}],"version-history":[{"count":1,"href":"https:\/\/rjecnik.hr\/mreznik\/wp-json\/wp\/v2\/posts\/123852\/revisions"}],"predecessor-version":[{"id":124484,"href":"https:\/\/rjecnik.hr\/mreznik\/wp-json\/wp\/v2\/posts\/123852\/revisions\/124484"}],"wp:attachment":[{"href":"https:\/\/rjecnik.hr\/mreznik\/wp-json\/wp\/v2\/media?parent=123852"}],"wp:term":[{"taxonomy":"category","embeddable":true,"href":"https:\/\/rjecnik.hr\/mreznik\/wp-json\/wp\/v2\/categories?post=123852"},{"taxonomy":"post_tag","embeddable":true,"href":"https:\/\/rjecnik.hr\/mreznik\/wp-json\/wp\/v2\/tags?post=123852"}],"curies":[{"name":"wp","href":"https:\/\/api.w.org\/{rel}","templated":true}]}}