{"id":123854,"date":"2025-11-24T12:06:09","date_gmt":"2025-11-24T12:06:09","guid":{"rendered":"https:\/\/rjecnik.hr\/mreznik\/krojacica\/"},"modified":"2025-11-25T09:47:27","modified_gmt":"2025-11-25T08:47:27","slug":"krojacica","status":"publish","type":"post","link":"https:\/\/rjecnik.hr\/mreznik\/krojacica\/","title":{"rendered":"kroja\u010dica"},"content":{"rendered":"<p align=\"justify\" style=\"margin:20pt 0pt 0pt 5pt;text-indent:-5pt;\"><span class=\"Lemma\"> <span class=\"Lemma__Naglaseno\">kroj\u00e0\u010dica <\/span><span class=\"Lemma__LemmaSign\">kroja\u010dica<\/span> <span class=\"Lemma__zvuk\"> <a href=\"https:\/\/rjecnik.hr\/mreznik\/wp-content\/uploads\/2021\/mreznik_mediji\/krojacica.mp3\"><img loading=\"lazy\" decoding=\"async\" border=\"0\" height=\"14\" src=\"https:\/\/rjecnik.hr\/mreznik\/wp-content\/uploads\/2021\/05\/Speaker-4.gif\" width=\"16\"\/><\/a><\/span> <span class=\"Lemma__vrsta_rijeci\">im. \u017e.<\/span><span class=\"Gramaticki_blok\"><span class=\"Oblici\"> (<span class=\"Oblici__naglaseni\">G kroj\u00e0\u010dic\u0113, DL kroj\u00e0\u010dici, A kroj\u00e0\u010dicu, V kroj\u00e0\u010dice, I kroj\u00e0\u010dic\u014dm; <i>mn.<\/i> NAV kroj\u00e0\u010dice, G kroj\u00e0\u010d\u012bc\u0101, DLI kroj\u00e0\u010dicama<\/span>)<\/span><\/span><\/span><\/p>\n<p align=\"justify\" style=\"margin:0pt;\"><span class=\"Sense\"><span class=\"Definicija\"><span class=\"Definicija__definicija\"> Kroja\u010dica je \u017eena koja kroji i \u0161ije odje\u0107u.<\/span><\/span><span class=\"primjeri\"> <span class=\"Primjer\"\/><\/span><\/span><\/p>\n<p align=\"justify\" style=\"margin:0pt;\"><span class=\"Primjer__Primjer\"> &#8211; Dok se kroja\u010dica brine o haljini, Susanne pazi na svoju liniju.<\/span><\/p>\n<p> <span class=\"Primjer\"\/> <\/p>\n<p align=\"justify\" style=\"margin:0pt;\"><span class=\"Primjer__Primjer\"> &#8211; Kroja\u010dice smatraju da novouvedeni pau\u0161al za vodu previ\u0161e optere\u0107uje njihovo poslovanje, a nisu zadovoljne ni s iznosom za odvoz otpada.<\/span><\/p>\n<p align=\"justify\" style=\"margin:0pt 0pt 0pt 10pt;\"><span class=\"kolokacije\"\/><\/p>\n<p align=\"justify\" style=\"margin:0pt;\"><span class=\"Kolokacija\"> <span class=\"Kolokacija__odrednica\">Kakva je kroja\u010dica?<\/span> <span class=\"Kolokacija__kolokacija\">profesionalna, umirovljena, vrsna<\/span><\/span><\/p>\n<p align=\"justify\" style=\"margin:0pt;\"><span class=\"Kolokacija\"> <span class=\"Kolokacija__odrednica\">\u0160to se s kroja\u010dicom mo\u017ee?<\/span> <span class=\"Kolokacija__kolokacija\">na\u0107i je, pohvaliti je, preporu\u010diti je, zaposliti je<\/span><\/span><\/p>\n<p align=\"justify\" style=\"margin:0pt;\"><span class=\"Kolokacija\"> <span class=\"Kolokacija__odrednica\">Koordinacija:<\/span> <span class=\"Kolokacija__kolokacija\">dizajnerica i kroja\u010dica, dizajnerice i kroja\u010dice, frizerka i kroja\u010dica, frizerke i kroja\u010dice, kroja\u010dice i dizajnerice, kroja\u010dice i frizerke, kroja\u010dice i kroja\u010di; kroja\u010dica ili kroja\u010d<\/span><\/span><\/p>\n<p align=\"justify\" style=\"margin:0pt;\"><span class=\"Poveznice\"> <a class=\"References\">MU\u0160KO:  <\/a><a class=\"References\" href=\"..\/krojac\">kroja\u010d<\/a> :1<\/span><\/p>\n<p align=\"justify\" style=\"margin:0pt;\"><span class=\"Tvorbena_raz\"\/><\/p>\n<p align=\"justify\" style=\"margin:0pt;\"> <span class=\"Tvorbena_raz__tvorba\">tvorba: kroja\u010d-ica<\/span><\/p>\n<p><span class=\"References\">TVORENICA: <a class=\"References\" href=\"..\/krojacicin\">kroja\u010di\u010din<\/a><\/span><\/p>\n<p>  <button class=\"deca_veza\"><a href=\"..\/krojacica-ucenici\">modul za u\u010denike<\/a><\/button> <\/p>\n","protected":false},"excerpt":{"rendered":"<p>Kroja\u010dica je \u017eena koja kroji i \u0161ije odje\u0107u.<\/p>\n","protected":false},"author":1,"featured_media":0,"comment_status":"closed","ping_status":"closed","sticky":false,"template":"","format":"standard","meta":{"footnotes":""},"categories":[5,49],"tags":[102],"class_list":["post-123854","post","type-post","status-publish","format-standard","hentry","category-osnovni","category-osnovni-k","tag-im-z"],"_links":{"self":[{"href":"https:\/\/rjecnik.hr\/mreznik\/wp-json\/wp\/v2\/posts\/123854","targetHints":{"allow":["GET"]}}],"collection":[{"href":"https:\/\/rjecnik.hr\/mreznik\/wp-json\/wp\/v2\/posts"}],"about":[{"href":"https:\/\/rjecnik.hr\/mreznik\/wp-json\/wp\/v2\/types\/post"}],"author":[{"embeddable":true,"href":"https:\/\/rjecnik.hr\/mreznik\/wp-json\/wp\/v2\/users\/1"}],"replies":[{"embeddable":true,"href":"https:\/\/rjecnik.hr\/mreznik\/wp-json\/wp\/v2\/comments?post=123854"}],"version-history":[{"count":1,"href":"https:\/\/rjecnik.hr\/mreznik\/wp-json\/wp\/v2\/posts\/123854\/revisions"}],"predecessor-version":[{"id":124486,"href":"https:\/\/rjecnik.hr\/mreznik\/wp-json\/wp\/v2\/posts\/123854\/revisions\/124486"}],"wp:attachment":[{"href":"https:\/\/rjecnik.hr\/mreznik\/wp-json\/wp\/v2\/media?parent=123854"}],"wp:term":[{"taxonomy":"category","embeddable":true,"href":"https:\/\/rjecnik.hr\/mreznik\/wp-json\/wp\/v2\/categories?post=123854"},{"taxonomy":"post_tag","embeddable":true,"href":"https:\/\/rjecnik.hr\/mreznik\/wp-json\/wp\/v2\/tags?post=123854"}],"curies":[{"name":"wp","href":"https:\/\/api.w.org\/{rel}","templated":true}]}}