{"id":123855,"date":"2025-11-24T12:06:09","date_gmt":"2025-11-24T12:06:09","guid":{"rendered":"https:\/\/rjecnik.hr\/mreznik\/krojacicin\/"},"modified":"2025-11-25T09:47:27","modified_gmt":"2025-11-25T08:47:27","slug":"krojacicin","status":"publish","type":"post","link":"https:\/\/rjecnik.hr\/mreznik\/krojacicin\/","title":{"rendered":"kroja\u010di\u010din"},"content":{"rendered":"<p align=\"justify\" style=\"margin:20pt 0pt 0pt 5pt;text-indent:-5pt;\"><span class=\"Lemma\"> <span class=\"Lemma__Naglaseno\">kroj\u00e0\u010di\u010din <\/span><span class=\"Lemma__LemmaSign\">kroja\u010di\u010din<\/span> <span class=\"Lemma__vrsta_rijeci\">prid.<\/span><span class=\"Gramaticki_blok\"><span class=\"Oblici\"> (<span class=\"Oblici__naglaseni\">G kroj\u00e0\u010di\u010dina; <i>\u017e<\/i>. kroj\u00e0\u010di\u010dina, <i>s<\/i>. kroj\u00e0\u010di\u010dino<\/span>)<\/span><\/span><\/span><\/p>\n<p align=\"justify\" style=\"margin:0pt;\"><span class=\"Sense\"><span class=\"Definicija\"><span class=\"Definicija__definicija\"> Kroja\u010di\u010din je koji pripada kroja\u010dici.<\/span><\/span><span class=\"primjeri\"> <span class=\"Primjer\"\/><\/span><\/span><\/p>\n<p align=\"justify\" style=\"margin:0pt;\"><span class=\"Primjer__Primjer\"> &#8211; Fabiola ispri\u010da Alejandru i Montserrat pravu pri\u010du koju je Graciela Giacinti krila: pravo ime joj je Gaudencia Jim\u00e9nez i bila je kroja\u010di\u010dina k\u0107i.<\/span><\/p>\n<p align=\"justify\" style=\"margin:0pt;\"><span class=\"Normativna_nap\">\u2022 <span class=\"Normativna_nap__napomena\">Pridjev <i>kroja\u010dicin<\/i> ne treba upotrebljavati u standardnome jeziku. Pridjev <i>kroja\u010di\u010din<\/i> tvorbeno se ra\u0161\u010dlanjuje na <i>kroja\u010dic + in<\/i> te se na tvorbenoj granici provodi palatalizacija, odnosno <i>c<\/i> ispred <i>i<\/i> prelazi u <i>\u010d<\/i>.<\/span><\/span><\/p>\n<p align=\"justify\" style=\"margin:0pt;\"><span class=\"Tvorbena_raz\"\/><\/p>\n<p align=\"justify\" style=\"margin:0pt;\"> <span class=\"Tvorbena_raz__tvorba\">tvorba: kroja\u010dic-in<\/span><\/p>\n","protected":false},"excerpt":{"rendered":"<p>Kroja\u010di\u010din je koji pripada kroja\u010dici.<\/p>\n","protected":false},"author":1,"featured_media":0,"comment_status":"closed","ping_status":"closed","sticky":false,"template":"","format":"standard","meta":{"footnotes":""},"categories":[5,49],"tags":[103],"class_list":["post-123855","post","type-post","status-publish","format-standard","hentry","category-osnovni","category-osnovni-k","tag-prid"],"_links":{"self":[{"href":"https:\/\/rjecnik.hr\/mreznik\/wp-json\/wp\/v2\/posts\/123855","targetHints":{"allow":["GET"]}}],"collection":[{"href":"https:\/\/rjecnik.hr\/mreznik\/wp-json\/wp\/v2\/posts"}],"about":[{"href":"https:\/\/rjecnik.hr\/mreznik\/wp-json\/wp\/v2\/types\/post"}],"author":[{"embeddable":true,"href":"https:\/\/rjecnik.hr\/mreznik\/wp-json\/wp\/v2\/users\/1"}],"replies":[{"embeddable":true,"href":"https:\/\/rjecnik.hr\/mreznik\/wp-json\/wp\/v2\/comments?post=123855"}],"version-history":[{"count":1,"href":"https:\/\/rjecnik.hr\/mreznik\/wp-json\/wp\/v2\/posts\/123855\/revisions"}],"predecessor-version":[{"id":124487,"href":"https:\/\/rjecnik.hr\/mreznik\/wp-json\/wp\/v2\/posts\/123855\/revisions\/124487"}],"wp:attachment":[{"href":"https:\/\/rjecnik.hr\/mreznik\/wp-json\/wp\/v2\/media?parent=123855"}],"wp:term":[{"taxonomy":"category","embeddable":true,"href":"https:\/\/rjecnik.hr\/mreznik\/wp-json\/wp\/v2\/categories?post=123855"},{"taxonomy":"post_tag","embeddable":true,"href":"https:\/\/rjecnik.hr\/mreznik\/wp-json\/wp\/v2\/tags?post=123855"}],"curies":[{"name":"wp","href":"https:\/\/api.w.org\/{rel}","templated":true}]}}