{"id":124752,"date":"2025-11-24T12:06:26","date_gmt":"2025-11-24T12:06:26","guid":{"rendered":"https:\/\/rjecnik.hr\/mreznik\/lipanj\/"},"modified":"2025-11-25T11:16:00","modified_gmt":"2025-11-25T10:16:00","slug":"lipanj","status":"publish","type":"post","link":"https:\/\/rjecnik.hr\/mreznik\/lipanj\/","title":{"rendered":"lipanj"},"content":{"rendered":"<p align=\"justify\" style=\"margin:20pt 0pt 0pt 5pt;text-indent:-5pt;\"><span class=\"Lemma\"> <span class=\"Lemma__Naglaseno\">l\u020bpanj <\/span><span class=\"Lemma__LemmaSign\">lipanj<\/span> <span class=\"Lemma__zvuk\"> <a href=\"https:\/\/rjecnik.hr\/mreznik\/wp-content\/uploads\/2021\/mreznik_mediji\/lipanj.mp3\"><img loading=\"lazy\" decoding=\"async\" border=\"0\" height=\"14\" src=\"https:\/\/rjecnik.hr\/mreznik\/wp-content\/uploads\/2021\/05\/Speaker-4.gif\" width=\"16\"\/><\/a><\/span> <span class=\"Lemma__vrsta_rijeci\">im. \u017e.<\/span><span class=\"Gramaticki_blok\"><span class=\"Oblici\"> (<span class=\"Oblici__naglaseni\">G l\u020bpnja, DL l\u020bpnju, A l\u020bpanj, I l\u020bpnjem<\/span>)<\/span><\/span><\/span><\/p>\n<p align=\"justify\" style=\"margin:0pt;\"><span class=\"Sense\"><span class=\"Definicija\"><span class=\"Definicija__definicija\"> Lipanj je \u0161esti mjesec u kalendarskoj godini, mjesec izme\u0111u svibnja i srpnja.<\/span><\/span><span class=\"primjeri\"> <span class=\"Primjer\"\/><\/span><\/span><\/p>\n<p align=\"justify\" style=\"margin:0pt;\"><span class=\"Primjer__Primjer\"> &#8211; Spomen-galerija Ivana Me\u0161trovi\u0107a dovr\u0161ena je i otvorena 3. lipnja 1972. godine.<\/span><\/p>\n<p> <span class=\"Primjer\"\/> <\/p>\n<p align=\"justify\" style=\"margin:0pt;\"><span class=\"Primjer__Primjer\"> &#8211; U kontinentalnim predjelima lipanj je najki\u0161ovitiji mjesec u godini, mjestimice padne i 20 % vi\u0161e oborina nego u svibnju.<\/span><\/p>\n<p> <span class=\"Primjer\"\/> <\/p>\n<p align=\"justify\" style=\"margin:0pt;\"><span class=\"Primjer__Primjer\"> &#8211; Puha\u010dki orkestar DVD-a Gornji Desinec izborio je odlazak na 21. Susret hrvatskih puha\u010dkih orkestara koji \u0107e se po\u010detkom lipnja odr\u017eati u Novom Vinodolskom.<\/span><\/p>\n<p align=\"justify\" style=\"margin:0pt 0pt 0pt 10pt;\"><span class=\"kolokacije\"\/><\/p>\n<p align=\"justify\" style=\"margin:0pt;\"><span class=\"Kolokacija\"> <span class=\"Kolokacija__odrednica\">Kakav je lipanj?<\/span> <span class=\"Kolokacija__kolokacija\">lanjski, ovogodi\u0161nji, pro\u0161li, pro\u0161logodi\u0161nji<\/span><\/span><\/p>\n<p align=\"justify\" style=\"margin:0pt;\"><span class=\"Kolokacija\"> <span class=\"Kolokacija__odrednica\">Koordinacija:<\/span> <span class=\"Kolokacija__kolokacija\">lipanj i kolovoz, lipanj i prosinac, lipanj i rujan, lipanj i srpanj, svibanj i lipanj, travanj i lipanj<\/span><\/span><\/p>\n<p align=\"justify\" style=\"margin:0pt;\"><span class=\"Kolokacija\"> <span class=\"Kolokacija__odrednica\">U vezi s lipnjem spominje se:<\/span> <span class=\"Kolokacija__kolokacija\">kraj, po\u010detak, polovica,, prva\/druga\/tre\u0107a dekada, sredina<\/span><\/span><\/p>\n<p align=\"justify\" style=\"margin:0pt;\"><span class=\"Normativna_nap\">\u2022 <span class=\"Normativna_nap__napomena\">U hrvatskome standardnom jeziku uobi\u010dajeno je da se u datiranju dokumenata i dopisa te u tekstu naziv mjeseca pi\u0161e u genitivu. Stoga bi primjerice umjesto <i>11. lipanj 2021.<\/i> trebalo pisati <i>11. lipnja 2021.<\/i><\/span><\/span><\/p>\n<p align=\"justify\" style=\"margin:0pt;\"><span class=\"Tvorbena_raz\"\/><\/p>\n<p align=\"justify\" style=\"margin:0pt;\"><span class=\"Tvorbena_raz\"\/><\/p>\n<p align=\"justify\" style=\"margin:0pt;\"> <span class=\"Tvorbena_raz__tvorba\">tvorba: lip-anj<\/span><\/p>\n<p align=\"justify\" style=\"margin:0pt;\"> <span class=\"Tvorbena_raz__mrtve_tvorenice\">tvorenice: lipanjski<\/span><\/p>\n<p align=\"justify\" style=\"margin:0pt;\"><span class=\"vanjska_poveznica\"> <span class=\"vanjska_poveznica__izvor\">Kolokacijska baza hrvatskoga jezika: <\/span> <a class=\"vanjska_poveznica__poveznica\" href=\"http:\/\/ihjj.hr\/kolokacije\/search\/?q=lipanj&amp;search_type=basic\" target=\"_blank\">http:\/\/ihjj.hr\/kolokacije\/search\/?q=lipanj&amp;search_type=basic<\/a><\/span><\/p>\n<p>   <button class=\"deca_veza\"><a href=\"..\/lipanj-ucenici\">modul za u\u010denike<\/a><\/button><button class=\"stranci_veza\"><a href=\"..\/lipanj-neizvorni\">modul za osobe koje u\u010de hrvatski kao ini jezik<\/a><\/button> <\/p>\n","protected":false},"excerpt":{"rendered":"<p>Lipanj je \u0161esti mjesec u kalendarskoj godini, mjesec izme\u0111u svibnja i srpnja.<\/p>\n","protected":false},"author":1,"featured_media":0,"comment_status":"closed","ping_status":"closed","sticky":false,"template":"","format":"standard","meta":{"footnotes":""},"categories":[5,50],"tags":[102],"class_list":["post-124752","post","type-post","status-publish","format-standard","hentry","category-osnovni","category-osnovni-l","tag-im-z"],"_links":{"self":[{"href":"https:\/\/rjecnik.hr\/mreznik\/wp-json\/wp\/v2\/posts\/124752","targetHints":{"allow":["GET"]}}],"collection":[{"href":"https:\/\/rjecnik.hr\/mreznik\/wp-json\/wp\/v2\/posts"}],"about":[{"href":"https:\/\/rjecnik.hr\/mreznik\/wp-json\/wp\/v2\/types\/post"}],"author":[{"embeddable":true,"href":"https:\/\/rjecnik.hr\/mreznik\/wp-json\/wp\/v2\/users\/1"}],"replies":[{"embeddable":true,"href":"https:\/\/rjecnik.hr\/mreznik\/wp-json\/wp\/v2\/comments?post=124752"}],"version-history":[{"count":1,"href":"https:\/\/rjecnik.hr\/mreznik\/wp-json\/wp\/v2\/posts\/124752\/revisions"}],"predecessor-version":[{"id":124979,"href":"https:\/\/rjecnik.hr\/mreznik\/wp-json\/wp\/v2\/posts\/124752\/revisions\/124979"}],"wp:attachment":[{"href":"https:\/\/rjecnik.hr\/mreznik\/wp-json\/wp\/v2\/media?parent=124752"}],"wp:term":[{"taxonomy":"category","embeddable":true,"href":"https:\/\/rjecnik.hr\/mreznik\/wp-json\/wp\/v2\/categories?post=124752"},{"taxonomy":"post_tag","embeddable":true,"href":"https:\/\/rjecnik.hr\/mreznik\/wp-json\/wp\/v2\/tags?post=124752"}],"curies":[{"name":"wp","href":"https:\/\/api.w.org\/{rel}","templated":true}]}}