{"id":125276,"date":"2025-11-24T12:06:41","date_gmt":"2025-11-24T12:06:41","guid":{"rendered":"https:\/\/rjecnik.hr\/mreznik\/manjina\/"},"modified":"2025-11-25T11:28:25","modified_gmt":"2025-11-25T10:28:25","slug":"manjina","status":"publish","type":"post","link":"https:\/\/rjecnik.hr\/mreznik\/manjina\/","title":{"rendered":"manjina"},"content":{"rendered":"<p align=\"justify\" style=\"margin:20pt 0pt 0pt 5pt;text-indent:-5pt;\"><span class=\"Lemma\"><span class=\"Lemma__LemmaSign\">manjina<\/span> <span class=\"Lemma__vrsta_rijeci\">im. \u017e.<\/span><span class=\"Gramaticki_blok\"\/><\/span><\/p>\n<p align=\"justify\" style=\"margin:0pt;\"><span class=\"Sense\"><span class=\"Definicija\"><span class=\"Definicija__definicija\"> Manjina je manji dio koje cjeline.<\/span><\/span><span class=\"primjeri\"> <span class=\"Primjer\"\/><\/span><\/span><\/p>\n<p align=\"justify\" style=\"margin:0pt;\"><span class=\"Primjer__Primjer\"> &#8211; Kako se zove dominacija manjine nad ve\u0107inom?<\/span><\/p>\n<p> <span class=\"Primjer\"\/> <\/p>\n<p align=\"justify\" style=\"margin:0pt;\"><span class=\"Primjer__Primjer\"> &#8211; Stali ste na stranu mo\u0107ne i privilegirane manjine nasuprot obespravljenih i marginaliziranih manjina, ali i svakog \u010dovjeka koji radi na tome da \u017eivi u normalnoj zemlji. <\/span><\/p>\n<p align=\"justify\" style=\"margin:0pt;\"><span class=\"Poveznice\"> <a class=\"References\">ANTONIM:  <\/a><a class=\"References\" href=\"..\/vecina\">ve\u0107ina<\/a> :1<\/span><\/p>\n<p align=\"justify\" style=\"margin:0pt;\"><span class=\"Subentry\"><span class=\"Subentry__LemmaSign\"> nacionalna manjina<\/span><\/span><\/p>\n<p align=\"justify\" style=\"margin:0pt;\"><span class=\"Sense\"><span class=\"Definicija\"><span class=\"Definicija__definicija\"> Nacionalna manjina skupina je hrvatskih dr\u017eavljana \u010diji su pripadnici tradicionalno nastanjeni na teritoriju Republike Hrvatske, a njezini \u010dlanovi imaju etni\u010dka, jezi\u010dna, kulturna i\/ili vjerska obilje\u017eja razli\u010dita od drugih gra\u0111ana i \u017eele ih o\u010duvati.<\/span><\/span><span class=\"primjeri\"> <span class=\"Primjer\"\/><\/span><\/span><\/p>\n<p align=\"justify\" style=\"margin:0pt;\"><span class=\"Primjer__Primjer\"> &#8211; Ovo je bio prvi projekt takve vrste za pripadnike romske nacionalne manjine u Republici Hrvatskoj.<\/span><\/p>\n<p> <span class=\"Primjer\"\/> <\/p>\n<p align=\"justify\" style=\"margin:0pt;\"><span class=\"Primjer__Primjer\"> &#8211; Ured za ljudska prava i prava nacionalnih manjina Vlade RH organizirao je u prostorijama Ku\u0107e ljudskih prava Zagreb okrugli stol o dono\u0161enju novog Nacionalnog programa za\u0161tite i promicanja ljudskih prava za razdoblje od 2013. do 2016. godine<\/span><\/p>\n<p align=\"justify\" style=\"margin:0pt;\"><span class=\"Tvorbena_raz\"\/><\/p>\n<p align=\"justify\" style=\"margin:0pt;\"> <span class=\"Tvorbena_raz__tvorba\">tvorba: manj-ina<\/span><\/p>\n<p align=\"justify\" style=\"margin:0pt;\"> <span class=\"Tvorbena_raz__mrtve_tvorenice\">tvorenice: manjinski<\/span><\/p>\n","protected":false},"excerpt":{"rendered":"<p>Manjina je manji dio koje cjeline.<\/p>\n","protected":false},"author":1,"featured_media":0,"comment_status":"closed","ping_status":"closed","sticky":false,"template":"","format":"standard","meta":{"footnotes":""},"categories":[5,51],"tags":[102],"class_list":["post-125276","post","type-post","status-publish","format-standard","hentry","category-osnovni","category-osnovni-m","tag-im-z"],"_links":{"self":[{"href":"https:\/\/rjecnik.hr\/mreznik\/wp-json\/wp\/v2\/posts\/125276","targetHints":{"allow":["GET"]}}],"collection":[{"href":"https:\/\/rjecnik.hr\/mreznik\/wp-json\/wp\/v2\/posts"}],"about":[{"href":"https:\/\/rjecnik.hr\/mreznik\/wp-json\/wp\/v2\/types\/post"}],"author":[{"embeddable":true,"href":"https:\/\/rjecnik.hr\/mreznik\/wp-json\/wp\/v2\/users\/1"}],"replies":[{"embeddable":true,"href":"https:\/\/rjecnik.hr\/mreznik\/wp-json\/wp\/v2\/comments?post=125276"}],"version-history":[{"count":1,"href":"https:\/\/rjecnik.hr\/mreznik\/wp-json\/wp\/v2\/posts\/125276\/revisions"}],"predecessor-version":[{"id":125679,"href":"https:\/\/rjecnik.hr\/mreznik\/wp-json\/wp\/v2\/posts\/125276\/revisions\/125679"}],"wp:attachment":[{"href":"https:\/\/rjecnik.hr\/mreznik\/wp-json\/wp\/v2\/media?parent=125276"}],"wp:term":[{"taxonomy":"category","embeddable":true,"href":"https:\/\/rjecnik.hr\/mreznik\/wp-json\/wp\/v2\/categories?post=125276"},{"taxonomy":"post_tag","embeddable":true,"href":"https:\/\/rjecnik.hr\/mreznik\/wp-json\/wp\/v2\/tags?post=125276"}],"curies":[{"name":"wp","href":"https:\/\/api.w.org\/{rel}","templated":true}]}}