{"id":125430,"date":"2025-11-24T12:06:51","date_gmt":"2025-11-24T12:06:51","guid":{"rendered":"https:\/\/rjecnik.hr\/mreznik\/ministrica\/"},"modified":"2025-11-25T11:28:33","modified_gmt":"2025-11-25T10:28:33","slug":"ministrica","status":"publish","type":"post","link":"https:\/\/rjecnik.hr\/mreznik\/ministrica\/","title":{"rendered":"ministrica"},"content":{"rendered":"<p align=\"justify\" style=\"margin:20pt 0pt 0pt 5pt;text-indent:-5pt;\"><span class=\"Lemma\"> <span class=\"Lemma__Naglaseno\">m\u00ecnistrica <\/span><span class=\"Lemma__LemmaSign\">ministrica<\/span> <span class=\"Lemma__vrsta_rijeci\">im. \u017e.<\/span><span class=\"Gramaticki_blok\"><span class=\"Oblici\"> (<span class=\"Oblici__naglaseni\">G m\u00ecnistric\u0113, DL m\u00ecnistrici, A m\u00ecnistricu, I m\u00ecnistric\u014dm; <i>mn<\/i>. NAV m\u00ecnistrice, G m\u00ecnistr\u012bc\u0101, DLI m\u00ecnistricama<\/span>)<\/span><\/span><\/span><\/p>\n<p align=\"justify\" style=\"margin:0pt;\"><span class=\"Sense\"><span class=\"Definicija\"><span class=\"Definicija__definicija\"> Ministrica je \u017eena koja je na \u010delu kojega ministarstva.<\/span><\/span><span class=\"primjeri\"> <span class=\"Primjer\"\/><\/span><\/span><\/p>\n<p align=\"justify\" style=\"margin:0pt;\"><span class=\"Primjer__Primjer\"> &#8211; Ministrica im je odgovorila kako ovaj pravilnik sada nije prioritet Ministarstva. <\/span><\/p>\n<p> <span class=\"Primjer\"\/> <\/p>\n<p align=\"justify\" style=\"margin:0pt;\"><span class=\"Primjer__Primjer\"> &#8211; Ministrica je tako\u0111er istaknula da je sklopljeni ugovor nastavak vrlo dobre i uspje\u0161ne bilateralne suradnje s Danskom.<\/span><\/p>\n<p> <span class=\"Primjer\"\/> <\/p>\n<p align=\"justify\" style=\"margin:0pt;\"><span class=\"Primjer__Primjer\"> &#8211; Ministrica je navodno izjavila da se zauzima i za dono\u0161enje zakona koji bi u potpunosti zabranio pojavljivanje hostesa na sajmovima automobila u toj zemlji. <\/span><\/p>\n<p align=\"justify\" style=\"margin:0pt 0pt 0pt 10pt;\"><span class=\"kolokacije\"\/><\/p>\n<p align=\"justify\" style=\"margin:0pt;\"><span class=\"Kolokacija\"> <span class=\"Kolokacija__odrednica\">Kakva je ministrica?<\/span> <span class=\"Kolokacija__kolokacija\">biv\u0161a, resorna; ministrica branitelja, ministrica graditeljstva, ministrica obitelji, ministrica obrane, ministrica pravosu\u0111a, ministrica turizma; austrijska, njema\u010dka, poljska, srbijanska; HDZ-ova, HNS-ova, SDP-ova <\/span><\/span><\/p>\n<p align=\"justify\" style=\"margin:0pt;\"><span class=\"Kolokacija\"> <span class=\"Kolokacija__odrednica\">\u0160to ministrica mo\u017ee?<\/span> <span class=\"Kolokacija__kolokacija\">imenovati (osobu, radnu skupinu), istaknuti \u0161to, izjaviti \u0161to, najaviti (promjene, novi zakon), odgovoriti (na optu\u017ebe, na pitanje), zahvaliti (\u010dlanovima, kolegi, ministru, parlamentu)<\/span><\/span><\/p>\n<p align=\"justify\" style=\"margin:0pt;\"><span class=\"Kolokacija\"> <span class=\"Kolokacija__odrednica\">Koordinacija:<\/span> <span class=\"Kolokacija__kolokacija\">ministrica i premijer, ministrica i potpredsjednica, ministrica i vlada, ministrica i zastupnica; ministri i ministrice<\/span><\/span><\/p>\n<p align=\"justify\" style=\"margin:0pt;\"><span class=\"Kolokacija\"> <span class=\"Kolokacija__odrednica\">U vezi s ministricom spominje se:<\/span> <span class=\"Kolokacija__kolokacija\">du\u017enost, izjava, kabinet, ostavka, smjena, zamjenik<\/span><\/span><\/p>\n<p align=\"justify\" style=\"margin:0pt;\"><span class=\"Poveznice\"> <a class=\"References\">MU\u0160KO:  <\/a><a class=\"References\" href=\"..\/ministar\">ministar<\/a><\/span><\/p>\n<p align=\"justify\" style=\"margin:0pt;\"><span class=\"Poveznice\"> <a class=\"References\">TVORENICA: <\/a><a class=\"References\" href=\"..\/ministricin\">ministri\u010din<\/a><\/span><\/p>\n<p align=\"justify\" style=\"margin:0pt;\"><span class=\"vanjska_poveznica\"> <span class=\"vanjska_poveznica__izvor\">Kolokacijska baza hrvatskoga jezika: <\/span> <a class=\"vanjska_poveznica__poveznica\" href=\"http:\/\/ihjj.hr\/kolokacije\/search\/?q=ministrica&amp;search_type=basic\" target=\"_blank\">http:\/\/ihjj.hr\/kolokacije\/search\/?q=ministrica&amp;search_type=basic<\/a><\/span><\/p>\n","protected":false},"excerpt":{"rendered":"<p>Ministrica je \u017eena koja je na \u010delu kojega ministarstva.<\/p>\n","protected":false},"author":1,"featured_media":0,"comment_status":"closed","ping_status":"closed","sticky":false,"template":"","format":"standard","meta":{"footnotes":""},"categories":[5,51],"tags":[102],"class_list":["post-125430","post","type-post","status-publish","format-standard","hentry","category-osnovni","category-osnovni-m","tag-im-z"],"_links":{"self":[{"href":"https:\/\/rjecnik.hr\/mreznik\/wp-json\/wp\/v2\/posts\/125430","targetHints":{"allow":["GET"]}}],"collection":[{"href":"https:\/\/rjecnik.hr\/mreznik\/wp-json\/wp\/v2\/posts"}],"about":[{"href":"https:\/\/rjecnik.hr\/mreznik\/wp-json\/wp\/v2\/types\/post"}],"author":[{"embeddable":true,"href":"https:\/\/rjecnik.hr\/mreznik\/wp-json\/wp\/v2\/users\/1"}],"replies":[{"embeddable":true,"href":"https:\/\/rjecnik.hr\/mreznik\/wp-json\/wp\/v2\/comments?post=125430"}],"version-history":[{"count":1,"href":"https:\/\/rjecnik.hr\/mreznik\/wp-json\/wp\/v2\/posts\/125430\/revisions"}],"predecessor-version":[{"id":125833,"href":"https:\/\/rjecnik.hr\/mreznik\/wp-json\/wp\/v2\/posts\/125430\/revisions\/125833"}],"wp:attachment":[{"href":"https:\/\/rjecnik.hr\/mreznik\/wp-json\/wp\/v2\/media?parent=125430"}],"wp:term":[{"taxonomy":"category","embeddable":true,"href":"https:\/\/rjecnik.hr\/mreznik\/wp-json\/wp\/v2\/categories?post=125430"},{"taxonomy":"post_tag","embeddable":true,"href":"https:\/\/rjecnik.hr\/mreznik\/wp-json\/wp\/v2\/tags?post=125430"}],"curies":[{"name":"wp","href":"https:\/\/api.w.org\/{rel}","templated":true}]}}