{"id":127492,"date":"2025-11-26T10:17:47","date_gmt":"2025-11-26T10:17:47","guid":{"rendered":"https:\/\/rjecnik.hr\/mreznik\/domacin-ucenici\/"},"modified":"2025-11-28T13:49:08","modified_gmt":"2025-11-28T12:49:08","slug":"domacin-ucenici","status":"publish","type":"post","link":"https:\/\/rjecnik.hr\/mreznik\/domacin-ucenici\/","title":{"rendered":"doma\u0107in"},"content":{"rendered":"<p align=\"justify\" style=\"margin:4pt 0pt 0pt 5pt;text-indent:-5pt;background-color:#FFFFFF;\"><span class=\"Lemma\"><span class=\"Lemma_Djeca\"> <span class=\"Lemma_Djeca__natuknica\">dom<u>a<\/u>\u0107in<\/span><span class=\"Gramaticki_blok\"><span class=\"Oblici\"> (<span class=\"Oblici__djeca\">dom<u>a<\/u>\u0107ini<\/span>)<\/span><\/span> <span class=\"Lemma_Djeca__vrsta_rijeci\">imenica<\/span><\/span><\/span><\/p>\n<p align=\"justify\" style=\"margin:0pt;\"> <span class=\"Lemma_Djeca__slogovi\">Rastavljanje na slogove: do-ma-\u0107in<\/span><\/p>\n<p align=\"justify\" style=\"margin:0pt;\"><span class=\"Sense\"><span class=\"Definicija\"><span class=\"Definicija__definicija\"> Doma\u0107in je mu\u0161karac koji je vlasnik doma.<\/span><\/span><\/span><\/p>\n<p align=\"justify\" style=\"margin:0pt 0pt 0pt 10pt;\"><span class=\"primjeri\"> <span class=\"Primjer\"\/><\/span><\/p>\n<p align=\"justify\" style=\"margin:0pt;\"><span class=\"Primjer__Primjer\"> doma\u0107in i doma\u0107ica<\/span><\/p>\n<p> <span class=\"Primjer\"\/> <\/p>\n<p align=\"justify\" style=\"margin:0pt;\"><span class=\"Primjer__Primjer\"> Do\u010dekao nas je ljubazan doma\u0107in.<\/span><\/p>\n<p align=\"justify\" style=\"margin:0pt;\"><span class=\"Poveznice\"> <a class=\"References\">\u017dENSKO:  <\/a><a class=\"References\" href=\"..\/domacica-ucenici\">doma\u0107ica<\/a> :1<\/span><\/p>\n<p align=\"justify\" style=\"margin:0pt;\"><span class=\"Normativna_nap\">\u2022 <span class=\"Normativna_nap__napomena\">Doma\u0107in je mu\u0161karac koji je vlasnik doma. Doma\u0107ica je \u017eena koja je vlasnica doma. Doma\u0107ice su \u017eene koje su vlasnice doma. Doma\u0107ini su mu\u0161karci koji su vlasnici doma, ali i mu\u0161karci i \u017eene koji su vlasnici doma. Dakle, Marko je doma\u0107in, Lucija je doma\u0107ica, Marko i Luka su doma\u0107ini, Lucija i Ana su doma\u0107ice, a Lucija, Ana, Marko i Luka su doma\u0107ini.<\/span><\/span><\/p>\n<p> <span class=\"Lemma__zvuk\"> <a href=\"https:\/\/rjecnik.hr\/mreznik\/wp-content\/uploads\/2021\/mreznik_mediji\/doma&#x107;in.mp3\"><img loading=\"lazy\" decoding=\"async\" border=\"0\" height=\"14\" src=\"https:\/\/rjecnik.hr\/mreznik\/wp-content\/uploads\/2021\/05\/Speaker-4.gif\" width=\"16\"\/><\/a><\/span>   <\/p>\n","protected":false},"excerpt":{"rendered":"<p>Doma\u0107in je mu\u0161karac koji je vlasnik doma.<\/p>\n","protected":false},"author":1,"featured_media":0,"comment_status":"closed","ping_status":"closed","sticky":false,"template":"","format":"standard","meta":{"footnotes":""},"categories":[37,70],"tags":[],"class_list":["post-127492","post","type-post","status-publish","format-standard","hentry","category-ucenicki","category-ucenicki-d"],"_links":{"self":[{"href":"https:\/\/rjecnik.hr\/mreznik\/wp-json\/wp\/v2\/posts\/127492","targetHints":{"allow":["GET"]}}],"collection":[{"href":"https:\/\/rjecnik.hr\/mreznik\/wp-json\/wp\/v2\/posts"}],"about":[{"href":"https:\/\/rjecnik.hr\/mreznik\/wp-json\/wp\/v2\/types\/post"}],"author":[{"embeddable":true,"href":"https:\/\/rjecnik.hr\/mreznik\/wp-json\/wp\/v2\/users\/1"}],"replies":[{"embeddable":true,"href":"https:\/\/rjecnik.hr\/mreznik\/wp-json\/wp\/v2\/comments?post=127492"}],"version-history":[{"count":1,"href":"https:\/\/rjecnik.hr\/mreznik\/wp-json\/wp\/v2\/posts\/127492\/revisions"}],"predecessor-version":[{"id":127653,"href":"https:\/\/rjecnik.hr\/mreznik\/wp-json\/wp\/v2\/posts\/127492\/revisions\/127653"}],"wp:attachment":[{"href":"https:\/\/rjecnik.hr\/mreznik\/wp-json\/wp\/v2\/media?parent=127492"}],"wp:term":[{"taxonomy":"category","embeddable":true,"href":"https:\/\/rjecnik.hr\/mreznik\/wp-json\/wp\/v2\/categories?post=127492"},{"taxonomy":"post_tag","embeddable":true,"href":"https:\/\/rjecnik.hr\/mreznik\/wp-json\/wp\/v2\/tags?post=127492"}],"curies":[{"name":"wp","href":"https:\/\/api.w.org\/{rel}","templated":true}]}}