{"id":127533,"date":"2025-11-26T10:17:49","date_gmt":"2025-11-26T10:17:49","guid":{"rendered":"https:\/\/rjecnik.hr\/mreznik\/duh-ucenici\/"},"modified":"2025-11-28T13:49:10","modified_gmt":"2025-11-28T12:49:10","slug":"duh-ucenici","status":"publish","type":"post","link":"https:\/\/rjecnik.hr\/mreznik\/duh-ucenici\/","title":{"rendered":"duh"},"content":{"rendered":"<p align=\"justify\" style=\"margin:4pt 0pt 0pt 5pt;text-indent:-5pt;background-color:#FFFFFF;\"><span class=\"Lemma\"><span class=\"Lemma_Djeca\"> <span class=\"Lemma_Djeca__natuknica\">d<u>u<\/u>h<\/span><span class=\"Gramaticki_blok\"><span class=\"Oblici\"> (<span class=\"Oblici__djeca\">d<u>u<\/u>hovi<\/span>)<\/span><\/span> <span class=\"Lemma_Djeca__vrsta_rijeci\">imenica<\/span><\/span><\/span><\/p>\n<p align=\"justify\" style=\"margin:0pt;\"> <span class=\"Lemma_Djeca__slogovi\">Rastavljanje na slogove: duh; du-ho-vi<\/span><\/p>\n<p align=\"justify\" style=\"margin:0pt;\"><span class=\"Sense\"> <span class=\"Sense__SenseNumber\">1<\/span> <span class=\"Definicija\"><span class=\"Definicija__definicija\"> Duh je u pri\u010dama bi\u0107e bez tijela.<\/span><\/span><\/span><\/p>\n<p align=\"justify\" style=\"margin:0pt 0pt 0pt 10pt;\"><span class=\"primjeri\"> <span class=\"Primjer\"\/><\/span><\/p>\n<p align=\"justify\" style=\"margin:0pt;\"><span class=\"Primjer__Primjer\"> duh Casper, stra\u0161ni duh<\/span><\/p>\n<p> <span class=\"Primjer\"\/> <\/p>\n<p align=\"justify\" style=\"margin:0pt;\"><span class=\"Primjer__Primjer\"> Zna\u0161 li za knjigu <span style=\"font-style:normal\">Koko i duhovi<\/span>?<\/span><\/p>\n<p align=\"justify\" style=\"margin:0pt;\"><span class=\"Sense\"> <span class=\"Sense__SenseNumber\">2<\/span> <span class=\"Definicija\"><span class=\"Definicija__definicija\"> Duh je raspolo\u017eenje ili pristup \u010demu.<\/span><\/span><\/span><\/p>\n<p align=\"justify\" style=\"margin:0pt 0pt 0pt 10pt;\"><span class=\"primjeri\"> <span class=\"Primjer\"\/><\/span><\/p>\n<p align=\"justify\" style=\"margin:0pt;\"><span class=\"Primjer__Primjer\"> duh zajedni\u0161tva, mom\u010dadski duh, natjecateljski duh<\/span><\/p>\n<p> <span class=\"Primjer\"\/> <\/p>\n<p align=\"justify\" style=\"margin:0pt;\"><span class=\"Primjer__Primjer\"> Marija je djevoj\u010dica vedra duha.<\/span><\/p>\n<p align=\"justify\" style=\"margin:0pt;\"><span class=\"Subentry\"><span class=\"Subentry__LemmaSign\"> Duh Sveti<\/span><\/span><\/p>\n<p align=\"justify\" style=\"margin:0pt;\"><span class=\"Sense\"><span class=\"Definicija\"><span class=\"Definicija__definicija\"> Duh Sveti tre\u0107a je bo\u017eanska osoba u kr\u0161\u0107anstvu, uz Oca i Sina.<\/span><\/span><\/span><\/p>\n<p align=\"justify\" style=\"margin:0pt 0pt 0pt 10pt;\"><span class=\"primjeri\"> <span class=\"Primjer\"\/><\/span><\/p>\n<p align=\"justify\" style=\"margin:0pt;\"><span class=\"Primjer__Primjer\"> moliti Duha Svetoga<\/span><\/p>\n<p> <span class=\"Primjer\"\/> <\/p>\n<p align=\"justify\" style=\"margin:0pt;\"><span class=\"Primjer__Primjer\"> Uime Oca i Sina i Duha Svetoga!<\/span><\/p>\n<p align=\"justify\" style=\"margin:0pt;\"><span class=\"Subentry\"><span class=\"Subentry__LemmaSign\"> Duhovi<\/span><\/span><\/p>\n<p align=\"justify\" style=\"margin:0pt;\"><span class=\"Sense\"><span class=\"Definicija\"><span class=\"Definicija__definicija\"> Duhovi su kr\u0161\u0107anski blagdan koji se slavi pedeseti dan nakon Uskrsa.<\/span><\/span><\/span><\/p>\n<p align=\"justify\" style=\"margin:0pt 0pt 0pt 10pt;\"><span class=\"primjeri\"> <span class=\"Primjer\"\/><\/span><\/p>\n<p align=\"justify\" style=\"margin:0pt;\"><span class=\"Primjer__Primjer\"> Na Duhove slavimo ro\u0111endan Crkve.<\/span><\/p>\n<p> <span class=\"Primjer\"\/> <\/p>\n<p align=\"justify\" style=\"margin:0pt;\"><span class=\"Primjer__Primjer\"> Ove godine imam ro\u0111endan na Duhove.<\/span><\/p>\n<p align=\"justify\" style=\"margin:0pt;\"><span class=\"Normativna_nap\">\u2022 <span class=\"Normativna_nap__napomena\">Rije\u010d <i>duh<\/i> pi\u0161e se malim po\u010detnim slovom kad ozna\u010duje bi\u0107e bez tijela u pri\u010dama ili raspolo\u017eenje ili pristup \u010demu (npr. <i>dobri duh Casper<\/i> ili <i>natjecateljski duh<\/i>). Ako ozna\u010duje tre\u0107u bo\u017eansku osobu, pi\u0161e se <i>Duh Sveti<\/i> (\u010desto i <i>Duh Bo\u017eji<\/i>, <i>Duh Gospodnji<\/i>). Velikim po\u010detnim slovom pi\u0161e se i kad ozna\u010duje kr\u0161\u0107anski blagdan, npr. <i>Sutra su Duhovi, pa idemo u crkvu.<\/i><\/span><\/span><\/p>\n","protected":false},"excerpt":{"rendered":"<p>Duh je u pri\u010dama bi\u0107e bez tijela.<\/p>\n","protected":false},"author":1,"featured_media":0,"comment_status":"closed","ping_status":"closed","sticky":false,"template":"","format":"standard","meta":{"footnotes":""},"categories":[37,70],"tags":[],"class_list":["post-127533","post","type-post","status-publish","format-standard","hentry","category-ucenicki","category-ucenicki-d"],"_links":{"self":[{"href":"https:\/\/rjecnik.hr\/mreznik\/wp-json\/wp\/v2\/posts\/127533","targetHints":{"allow":["GET"]}}],"collection":[{"href":"https:\/\/rjecnik.hr\/mreznik\/wp-json\/wp\/v2\/posts"}],"about":[{"href":"https:\/\/rjecnik.hr\/mreznik\/wp-json\/wp\/v2\/types\/post"}],"author":[{"embeddable":true,"href":"https:\/\/rjecnik.hr\/mreznik\/wp-json\/wp\/v2\/users\/1"}],"replies":[{"embeddable":true,"href":"https:\/\/rjecnik.hr\/mreznik\/wp-json\/wp\/v2\/comments?post=127533"}],"version-history":[{"count":1,"href":"https:\/\/rjecnik.hr\/mreznik\/wp-json\/wp\/v2\/posts\/127533\/revisions"}],"predecessor-version":[{"id":127694,"href":"https:\/\/rjecnik.hr\/mreznik\/wp-json\/wp\/v2\/posts\/127533\/revisions\/127694"}],"wp:attachment":[{"href":"https:\/\/rjecnik.hr\/mreznik\/wp-json\/wp\/v2\/media?parent=127533"}],"wp:term":[{"taxonomy":"category","embeddable":true,"href":"https:\/\/rjecnik.hr\/mreznik\/wp-json\/wp\/v2\/categories?post=127533"},{"taxonomy":"post_tag","embeddable":true,"href":"https:\/\/rjecnik.hr\/mreznik\/wp-json\/wp\/v2\/tags?post=127533"}],"curies":[{"name":"wp","href":"https:\/\/api.w.org\/{rel}","templated":true}]}}