{"id":128465,"date":"2025-11-26T10:18:06","date_gmt":"2025-11-26T10:18:06","guid":{"rendered":"https:\/\/rjecnik.hr\/mreznik\/krscanin-ucenici\/"},"modified":"2025-11-28T14:11:29","modified_gmt":"2025-11-28T13:11:29","slug":"krscanin-ucenici","status":"publish","type":"post","link":"https:\/\/rjecnik.hr\/mreznik\/krscanin-ucenici\/","title":{"rendered":"kr\u0161\u0107anin"},"content":{"rendered":"<p align=\"justify\" style=\"margin:4pt 0pt 0pt 5pt;text-indent:-5pt;background-color:#FFFFFF;\"><span class=\"Lemma\"><span class=\"Lemma_Djeca\"> <span class=\"Lemma_Djeca__natuknica\">k<u>r<\/u>\u0161\u0107anin<\/span><span class=\"Gramaticki_blok\"><span class=\"Oblici\"> (<span class=\"Oblici__djeca\">k<u>r<\/u>\u0161\u0107ani<\/span>)<\/span><\/span> <span class=\"Lemma_Djeca__vrsta_rijeci\">imenica<\/span><\/span><\/span><\/p>\n<p align=\"justify\" style=\"margin:0pt;\"> <span class=\"Lemma_Djeca__slogovi\">Rastavljanje na slogove: kr-\u0161\u0107a-nin<\/span><\/p>\n<p align=\"justify\" style=\"margin:0pt;\"><span class=\"Sense\"><span class=\"Definicija\"><span class=\"Definicija__definicija\"> Kr\u0161\u0107anin je mu\u0161ka osoba kr\u0161\u0107anske vjere.<\/span><\/span><\/span><\/p>\n<p align=\"justify\" style=\"margin:0pt 0pt 0pt 10pt;\"><span class=\"primjeri\"> <span class=\"Primjer\"\/><\/span><\/p>\n<p align=\"justify\" style=\"margin:0pt;\"><span class=\"Primjer__Primjer\"> mladi kr\u0161\u0107anin, pravoslavni kr\u0161\u0107ani<\/span><\/p>\n<p> <span class=\"Primjer\"\/> <\/p>\n<p align=\"justify\" style=\"margin:0pt;\"><span class=\"Primjer__Primjer\"> Za sve kr\u0161\u0107ane Uskrs je najve\u0107i blagdan.<\/span><\/p>\n<p align=\"justify\" style=\"margin:0pt;\"><span class=\"Poveznice\"> <a class=\"References\">\u017dENSKO:  <\/a><a class=\"References\" href=\"..\/krscanka-ucenici\">kr\u0161\u0107anka<\/a><\/span><\/p>\n<p align=\"justify\" style=\"margin:0pt;\"><span class=\"Normativna_nap\">\u2022 <span class=\"Normativna_nap__napomena\">Kr\u0161\u0107anin je mu\u0161ka osoba kr\u0161\u0107anske vjere. Kr\u0161\u0107anka je \u017eenska osoba kr\u0161\u0107anske vjere. Kr\u0161\u0107anke su \u017eenske osobe kr\u0161\u0107anske vjere. Kr\u0161\u0107ani su mu\u0161ke osobe kr\u0161\u0107anske vjere, ali i mu\u0161ke i \u017eenske osobe kr\u0161\u0107anske vjere. Dakle, Marko je kr\u0161\u0107anin, Lucija je kr\u0161\u0107anka, Marko i Luka su kr\u0161\u0107ani, Lucija i Ana su kr\u0161\u0107anke, a Lucija, Ana, Marko i Luka su kr\u0161\u0107ani.<\/span><\/span><\/p>\n<p> <span class=\"Lemma__zvuk\"> <a href=\"https:\/\/rjecnik.hr\/mreznik\/wp-content\/uploads\/2021\/mreznik_mediji\/krscanin.mp3\"><img loading=\"lazy\" decoding=\"async\" border=\"0\" height=\"14\" src=\"https:\/\/rjecnik.hr\/mreznik\/wp-content\/uploads\/2021\/05\/Speaker-4.gif\" width=\"16\"\/><\/a><\/span>   <\/p>\n","protected":false},"excerpt":{"rendered":"<p>Kr\u0161\u0107anin je mu\u0161ka osoba kr\u0161\u0107anske vjere.<\/p>\n","protected":false},"author":1,"featured_media":0,"comment_status":"closed","ping_status":"closed","sticky":false,"template":"","format":"standard","meta":{"footnotes":""},"categories":[37,79],"tags":[],"class_list":["post-128465","post","type-post","status-publish","format-standard","hentry","category-ucenicki","category-ucenicki-k"],"_links":{"self":[{"href":"https:\/\/rjecnik.hr\/mreznik\/wp-json\/wp\/v2\/posts\/128465","targetHints":{"allow":["GET"]}}],"collection":[{"href":"https:\/\/rjecnik.hr\/mreznik\/wp-json\/wp\/v2\/posts"}],"about":[{"href":"https:\/\/rjecnik.hr\/mreznik\/wp-json\/wp\/v2\/types\/post"}],"author":[{"embeddable":true,"href":"https:\/\/rjecnik.hr\/mreznik\/wp-json\/wp\/v2\/users\/1"}],"replies":[{"embeddable":true,"href":"https:\/\/rjecnik.hr\/mreznik\/wp-json\/wp\/v2\/comments?post=128465"}],"version-history":[{"count":1,"href":"https:\/\/rjecnik.hr\/mreznik\/wp-json\/wp\/v2\/posts\/128465\/revisions"}],"predecessor-version":[{"id":128665,"href":"https:\/\/rjecnik.hr\/mreznik\/wp-json\/wp\/v2\/posts\/128465\/revisions\/128665"}],"wp:attachment":[{"href":"https:\/\/rjecnik.hr\/mreznik\/wp-json\/wp\/v2\/media?parent=128465"}],"wp:term":[{"taxonomy":"category","embeddable":true,"href":"https:\/\/rjecnik.hr\/mreznik\/wp-json\/wp\/v2\/categories?post=128465"},{"taxonomy":"post_tag","embeddable":true,"href":"https:\/\/rjecnik.hr\/mreznik\/wp-json\/wp\/v2\/tags?post=128465"}],"curies":[{"name":"wp","href":"https:\/\/api.w.org\/{rel}","templated":true}]}}