{"id":128964,"date":"2025-11-26T10:18:13","date_gmt":"2025-11-26T10:18:13","guid":{"rendered":"https:\/\/rjecnik.hr\/mreznik\/matematicar-ucenici\/"},"modified":"2025-11-28T14:18:10","modified_gmt":"2025-11-28T13:18:10","slug":"matematicar-ucenici","status":"publish","type":"post","link":"https:\/\/rjecnik.hr\/mreznik\/matematicar-ucenici\/","title":{"rendered":"matemati\u010dar"},"content":{"rendered":"<p align=\"justify\" style=\"margin:4pt 0pt 0pt 5pt;text-indent:-5pt;background-color:#FFFFFF;\"><span class=\"Lemma\"><span class=\"Lemma_Djeca\"> <span class=\"Lemma_Djeca__natuknica\">matem<u>a<\/u>ti\u010dar<\/span><span class=\"Gramaticki_blok\"><span class=\"Oblici\"> (<span class=\"Oblici__djeca\">matem<u>a<\/u>ti\u010dari<\/span>)<\/span><\/span> <span class=\"Lemma_Djeca__vrsta_rijeci\">imenica<\/span><\/span><\/span><\/p>\n<p align=\"justify\" style=\"margin:0pt;\"> <span class=\"Lemma_Djeca__slogovi\">Rastavljanje na slogove: ma-te-ma-ti-\u010dar<\/span><\/p>\n<p align=\"justify\" style=\"margin:0pt;\"><span class=\"Sense\"><span class=\"Definicija\"><span class=\"Definicija__definicija\"> Matemati\u010dar je mu\u0161karac koji se bavi matematikom.<\/span><\/span><\/span><\/p>\n<p align=\"justify\" style=\"margin:0pt 0pt 0pt 10pt;\"><span class=\"primjeri\"> <span class=\"Primjer\"\/><\/span><\/p>\n<p align=\"justify\" style=\"margin:0pt;\"><span class=\"Primjer__Primjer\"> Najbolji mladi matemati\u010dari do\u0161li su na natjecanje u na\u0161u \u0161kolu.<\/span><\/p>\n<p align=\"justify\" style=\"margin:0pt;\"><span class=\"Poveznice\"> <a class=\"References\">\u017dENSKO:  <\/a><a class=\"References\" href=\"..\/matematicarka-ucenici\">matemati\u010darka<\/a><\/span><\/p>\n<p align=\"justify\" style=\"margin:0pt;\"><span class=\"Normativna_nap\">\u2022 <span class=\"Normativna_nap__napomena\">Matemati\u010dar je mu\u0161karac koji se bavi matematikom. Matemati\u010darka je \u017eena koja se bavi matematikom. Matemati\u010darke su \u017eene koje se bave matematikom. Matemati\u010dari su mu\u0161karci koji se bave matematikom, ali i mu\u0161karci i \u017eene koji se bave matematikom. Dakle, Marko je matemati\u010dar, Lucija je matemati\u010darka, Marko i Luka su matemati\u010dari, Lucija i Ana su matemati\u010darke, a Lucija, Ana, Marko i Luka su matemati\u010dari.<\/span><\/span><\/p>\n<p> <span class=\"Lemma__zvuk\"> <a href=\"https:\/\/rjecnik.hr\/mreznik\/wp-content\/uploads\/2021\/mreznik_mediji\/matematicar.mp3\"><img loading=\"lazy\" decoding=\"async\" border=\"0\" height=\"14\" src=\"https:\/\/rjecnik.hr\/mreznik\/wp-content\/uploads\/2021\/05\/Speaker-4.gif\" width=\"16\"\/><\/a><\/span>   <\/p>\n","protected":false},"excerpt":{"rendered":"<p>Matemati\u010dar je mu\u0161karac koji se bavi matematikom.<\/p>\n","protected":false},"author":1,"featured_media":0,"comment_status":"closed","ping_status":"closed","sticky":false,"template":"","format":"standard","meta":{"footnotes":""},"categories":[37,82],"tags":[],"class_list":["post-128964","post","type-post","status-publish","format-standard","hentry","category-ucenicki","category-ucenicki-m"],"_links":{"self":[{"href":"https:\/\/rjecnik.hr\/mreznik\/wp-json\/wp\/v2\/posts\/128964","targetHints":{"allow":["GET"]}}],"collection":[{"href":"https:\/\/rjecnik.hr\/mreznik\/wp-json\/wp\/v2\/posts"}],"about":[{"href":"https:\/\/rjecnik.hr\/mreznik\/wp-json\/wp\/v2\/types\/post"}],"author":[{"embeddable":true,"href":"https:\/\/rjecnik.hr\/mreznik\/wp-json\/wp\/v2\/users\/1"}],"replies":[{"embeddable":true,"href":"https:\/\/rjecnik.hr\/mreznik\/wp-json\/wp\/v2\/comments?post=128964"}],"version-history":[{"count":1,"href":"https:\/\/rjecnik.hr\/mreznik\/wp-json\/wp\/v2\/posts\/128964\/revisions"}],"predecessor-version":[{"id":129102,"href":"https:\/\/rjecnik.hr\/mreznik\/wp-json\/wp\/v2\/posts\/128964\/revisions\/129102"}],"wp:attachment":[{"href":"https:\/\/rjecnik.hr\/mreznik\/wp-json\/wp\/v2\/media?parent=128964"}],"wp:term":[{"taxonomy":"category","embeddable":true,"href":"https:\/\/rjecnik.hr\/mreznik\/wp-json\/wp\/v2\/categories?post=128964"},{"taxonomy":"post_tag","embeddable":true,"href":"https:\/\/rjecnik.hr\/mreznik\/wp-json\/wp\/v2\/tags?post=128964"}],"curies":[{"name":"wp","href":"https:\/\/api.w.org\/{rel}","templated":true}]}}