{"id":128971,"date":"2025-11-26T10:18:13","date_gmt":"2025-11-26T10:18:13","guid":{"rendered":"https:\/\/rjecnik.hr\/mreznik\/medenjak-ucenici\/"},"modified":"2025-11-28T14:18:11","modified_gmt":"2025-11-28T13:18:11","slug":"medenjak-ucenici","status":"publish","type":"post","link":"https:\/\/rjecnik.hr\/mreznik\/medenjak-ucenici\/","title":{"rendered":"medenjak"},"content":{"rendered":"<p align=\"justify\" style=\"margin:4pt 0pt 0pt 5pt;text-indent:-5pt;background-color:#FFFFFF;\"><span class=\"Lemma\"> <span class=\"Lemma__slika\"><img decoding=\"async\" border=\"0\" class=\"galerija\" src=\"https:\/\/rjecnik.hr\/mreznik\/wp-content\/uploads\/2021\/mreznik_mediji\/medenjak.jpg\"\/><\/span><span class=\"Lemma_Djeca\"> <span class=\"Lemma_Djeca__natuknica\">med<u>e<\/u>njak<\/span><span class=\"Gramaticki_blok\"><span class=\"Oblici\"> (<span class=\"Oblici__djeca\">medenj<u>a<\/u>ci<\/span>)<\/span><\/span> <span class=\"Lemma_Djeca__vrsta_rijeci\">imenica<\/span><\/span><\/span><\/p>\n<p align=\"justify\" style=\"margin:0pt;\"> <span class=\"Lemma_Djeca__slogovi\">Rastavljanje na slogove: me-de-njak<\/span><\/p>\n<p align=\"justify\" style=\"margin:0pt;\"><span class=\"Sense\"><span class=\"Definicija\"><span class=\"Definicija__definicija\"> Medenjak je kola\u010d od tijesta s medom.<\/span><\/span><\/span><\/p>\n<p align=\"justify\" style=\"margin:0pt 0pt 0pt 10pt;\"><span class=\"primjeri\"> <span class=\"Primjer\"\/><\/span><\/p>\n<p align=\"justify\" style=\"margin:0pt;\"><span class=\"Primjer__Primjer\"> pe\u0107i medenjake, jesti medenjake<\/span><\/p>\n<p> <span class=\"Primjer\"\/> <\/p>\n<p align=\"justify\" style=\"margin:0pt;\"><span class=\"Primjer__Primjer\"> Za Bo\u017ei\u0107 smo pekli medenjake u obliku zvijezda i bo\u017ei\u0107noga drvca.<\/span><\/p>\n<p> <span class=\"Lemma__zvuk\"> <a href=\"https:\/\/rjecnik.hr\/mreznik\/wp-content\/uploads\/2021\/mreznik_mediji\/medenjak.mp3\"><img loading=\"lazy\" decoding=\"async\" border=\"0\" height=\"14\" src=\"https:\/\/rjecnik.hr\/mreznik\/wp-content\/uploads\/2021\/05\/Speaker-4.gif\" width=\"16\"\/><\/a><\/span>   <\/p>\n","protected":false},"excerpt":{"rendered":"<p>Medenjak je kola\u010d od tijesta s medom.<\/p>\n","protected":false},"author":1,"featured_media":0,"comment_status":"closed","ping_status":"closed","sticky":false,"template":"","format":"standard","meta":{"footnotes":""},"categories":[37,82],"tags":[],"class_list":["post-128971","post","type-post","status-publish","format-standard","hentry","category-ucenicki","category-ucenicki-m"],"_links":{"self":[{"href":"https:\/\/rjecnik.hr\/mreznik\/wp-json\/wp\/v2\/posts\/128971","targetHints":{"allow":["GET"]}}],"collection":[{"href":"https:\/\/rjecnik.hr\/mreznik\/wp-json\/wp\/v2\/posts"}],"about":[{"href":"https:\/\/rjecnik.hr\/mreznik\/wp-json\/wp\/v2\/types\/post"}],"author":[{"embeddable":true,"href":"https:\/\/rjecnik.hr\/mreznik\/wp-json\/wp\/v2\/users\/1"}],"replies":[{"embeddable":true,"href":"https:\/\/rjecnik.hr\/mreznik\/wp-json\/wp\/v2\/comments?post=128971"}],"version-history":[{"count":1,"href":"https:\/\/rjecnik.hr\/mreznik\/wp-json\/wp\/v2\/posts\/128971\/revisions"}],"predecessor-version":[{"id":129109,"href":"https:\/\/rjecnik.hr\/mreznik\/wp-json\/wp\/v2\/posts\/128971\/revisions\/129109"}],"wp:attachment":[{"href":"https:\/\/rjecnik.hr\/mreznik\/wp-json\/wp\/v2\/media?parent=128971"}],"wp:term":[{"taxonomy":"category","embeddable":true,"href":"https:\/\/rjecnik.hr\/mreznik\/wp-json\/wp\/v2\/categories?post=128971"},{"taxonomy":"post_tag","embeddable":true,"href":"https:\/\/rjecnik.hr\/mreznik\/wp-json\/wp\/v2\/tags?post=128971"}],"curies":[{"name":"wp","href":"https:\/\/api.w.org\/{rel}","templated":true}]}}