{"id":129000,"date":"2025-11-26T10:18:14","date_gmt":"2025-11-26T10:18:14","guid":{"rendered":"https:\/\/rjecnik.hr\/mreznik\/mis-ucenici\/"},"modified":"2025-11-28T14:18:12","modified_gmt":"2025-11-28T13:18:12","slug":"mis-ucenici","status":"publish","type":"post","link":"https:\/\/rjecnik.hr\/mreznik\/mis-ucenici\/","title":{"rendered":"mi\u0161"},"content":{"rendered":"<p align=\"justify\" style=\"margin:4pt 0pt 0pt 5pt;text-indent:-5pt;background-color:#FFFFFF;\"><span class=\"Lemma\"> <span class=\"Lemma__slika\"><img decoding=\"async\" border=\"0\" class=\"galerija\" src=\"https:\/\/rjecnik.hr\/mreznik\/wp-content\/uploads\/2021\/mreznik_mediji\/mis.jpg\"\/><\/span><span class=\"Lemma_Djeca\"> <span class=\"Lemma_Djeca__natuknica\">m<u>i<\/u>\u0161<\/span><span class=\"Gramaticki_blok\"><span class=\"Oblici\"> (<span class=\"Oblici__djeca\">m<u>i<\/u>\u0161evi<\/span>)<\/span><\/span> <span class=\"Lemma_Djeca__vrsta_rijeci\">imenica<\/span><\/span><\/span><\/p>\n<p align=\"justify\" style=\"margin:0pt;\"> <span class=\"Lemma_Djeca__slogovi\">Rastavljanje na slogove: mi\u0161; mi-\u0161e-vi<\/span><\/p>\n<p align=\"justify\" style=\"margin:0pt;\"><span class=\"Sense\"> <span class=\"Sense__SenseNumber\">1<\/span> <span class=\"Definicija\"><span class=\"Definicija__definicija\"> Mi\u0161 je malena \u017eivotinja sa \u0161iljastom nju\u0161kom, dugim repom i sme\u0111im ili sivim krznom.<\/span><\/span><\/span><\/p>\n<p align=\"justify\" style=\"margin:0pt 0pt 0pt 10pt;\"><span class=\"primjeri\"> <span class=\"Primjer\"\/><\/span><\/p>\n<p align=\"justify\" style=\"margin:0pt;\"><span class=\"Primjer__Primjer\"> poljski mi\u0161, ku\u0107ni mi\u0161<\/span><\/p>\n<p> <span class=\"Primjer\"\/> <\/p>\n<p align=\"justify\" style=\"margin:0pt;\"><span class=\"Primjer__Primjer\"> Mi\u0161 ciju\u010de.<\/span><\/p>\n<p> <span class=\"Primjer\"\/> <\/p>\n<p align=\"justify\" style=\"margin:0pt;\"><span class=\"Primjer__Primjer\"> Vidjeli smo sivoga mi\u0161a ispod stolice.<\/span><\/p>\n<p align=\"justify\" style=\"margin:0pt;\"><span class=\"Sense\"> <span class=\"Sense__SenseNumber\">2<\/span> <span class=\"Definicija\"><span class=\"Definicija__definicija\"> Mi\u0161 je vanjski ure\u0111aj ra\u010dunala s pomo\u0107u kojega se pomi\u010de pokaziva\u010d na zaslonu.<\/span><\/span><\/span><\/p>\n<p align=\"justify\" style=\"margin:0pt 0pt 0pt 10pt;\"><span class=\"primjeri\"> <span class=\"Primjer\"\/><\/span><\/p>\n<p align=\"justify\" style=\"margin:0pt;\"><span class=\"Primjer__Primjer\"> mi\u0161 i tipkovnica<\/span><\/p>\n<p> <span class=\"Primjer\"\/> <\/p>\n<p align=\"justify\" style=\"margin:0pt;\"><span class=\"Primjer__Primjer\"> Kupili smo mi\u0161 za novo ra\u010dunalo.<\/span><\/p>\n<p align=\"justify\" style=\"margin:0pt;\"><span class=\"Normativna_nap\">\u2022 <span class=\"Normativna_nap__napomena\">Rije\u010d <i>mi\u0161<\/i> mo\u017ee imati razli\u010dite oblike ovisno o zna\u010denju u kojemu se upotrebljava. Ako se zna\u010denje rije\u010di <i>mi\u0161<\/i> odnosi na \u017eivotinju, pravilno je re\u0107i <i>Vidjeli smo mi\u0161a.<\/i> ili <i>Ma\u010dka hvata mi\u0161a<\/i>. Ako se zna\u010denje odnosi na vanjski ure\u0111aj ra\u010dunala, pravilno je re\u0107i <i>Kupila sam novi mi\u0161.<\/i> ili <i>Ja nemam podlogu za mi\u0161. <\/i><\/span><\/span><\/p>\n<p> <span class=\"Lemma__zvuk\"> <a href=\"https:\/\/rjecnik.hr\/mreznik\/wp-content\/uploads\/2021\/mreznik_mediji\/mis.mp3\"><img loading=\"lazy\" decoding=\"async\" border=\"0\" height=\"14\" src=\"https:\/\/rjecnik.hr\/mreznik\/wp-content\/uploads\/2021\/05\/Speaker-4.gif\" width=\"16\"\/><\/a><\/span>   <\/p>\n","protected":false},"excerpt":{"rendered":"<p>Mi\u0161 je malena \u017eivotinja sa \u0161iljastom nju\u0161kom, dugim repom i sme\u0111im ili sivim krznom.<\/p>\n","protected":false},"author":1,"featured_media":0,"comment_status":"closed","ping_status":"closed","sticky":false,"template":"","format":"standard","meta":{"footnotes":""},"categories":[37,82],"tags":[],"class_list":["post-129000","post","type-post","status-publish","format-standard","hentry","category-ucenicki","category-ucenicki-m"],"_links":{"self":[{"href":"https:\/\/rjecnik.hr\/mreznik\/wp-json\/wp\/v2\/posts\/129000","targetHints":{"allow":["GET"]}}],"collection":[{"href":"https:\/\/rjecnik.hr\/mreznik\/wp-json\/wp\/v2\/posts"}],"about":[{"href":"https:\/\/rjecnik.hr\/mreznik\/wp-json\/wp\/v2\/types\/post"}],"author":[{"embeddable":true,"href":"https:\/\/rjecnik.hr\/mreznik\/wp-json\/wp\/v2\/users\/1"}],"replies":[{"embeddable":true,"href":"https:\/\/rjecnik.hr\/mreznik\/wp-json\/wp\/v2\/comments?post=129000"}],"version-history":[{"count":1,"href":"https:\/\/rjecnik.hr\/mreznik\/wp-json\/wp\/v2\/posts\/129000\/revisions"}],"predecessor-version":[{"id":129138,"href":"https:\/\/rjecnik.hr\/mreznik\/wp-json\/wp\/v2\/posts\/129000\/revisions\/129138"}],"wp:attachment":[{"href":"https:\/\/rjecnik.hr\/mreznik\/wp-json\/wp\/v2\/media?parent=129000"}],"wp:term":[{"taxonomy":"category","embeddable":true,"href":"https:\/\/rjecnik.hr\/mreznik\/wp-json\/wp\/v2\/categories?post=129000"},{"taxonomy":"post_tag","embeddable":true,"href":"https:\/\/rjecnik.hr\/mreznik\/wp-json\/wp\/v2\/tags?post=129000"}],"curies":[{"name":"wp","href":"https:\/\/api.w.org\/{rel}","templated":true}]}}