{"id":129004,"date":"2025-11-26T10:18:14","date_gmt":"2025-11-26T10:18:14","guid":{"rendered":"https:\/\/rjecnik.hr\/mreznik\/misljenje-ucenici\/"},"modified":"2025-11-28T14:18:12","modified_gmt":"2025-11-28T13:18:12","slug":"misljenje-ucenici","status":"publish","type":"post","link":"https:\/\/rjecnik.hr\/mreznik\/misljenje-ucenici\/","title":{"rendered":"mi\u0161ljenje"},"content":{"rendered":"<p align=\"justify\" style=\"margin:4pt 0pt 0pt 5pt;text-indent:-5pt;background-color:#FFFFFF;\"><span class=\"Lemma\"><span class=\"Lemma_Djeca\"> <span class=\"Lemma_Djeca__natuknica\">m<u>i<\/u>\u0161ljenje<\/span><span class=\"Gramaticki_blok\"><span class=\"Oblici\"> (<span class=\"Oblici__djeca\">m<u>i<\/u>\u0161ljenja<\/span>)<\/span><\/span> <span class=\"Lemma_Djeca__vrsta_rijeci\">imenica<\/span><\/span><\/span><\/p>\n<p align=\"justify\" style=\"margin:0pt;\"> <span class=\"Lemma_Djeca__slogovi\">Rastavljanje na slogove: mi-\u0161lje-nje<\/span><\/p>\n<p align=\"justify\" style=\"margin:0pt;\"><span class=\"Sense\"><span class=\"Definicija\"><span class=\"Definicija__definicija\"> Mi\u0161ljenje je na\u010din na koji tko razmi\u0161lja o kome ili \u010demu.<\/span><\/span><\/span><\/p>\n<p align=\"justify\" style=\"margin:0pt 0pt 0pt 10pt;\"><span class=\"primjeri\"> <span class=\"Primjer\"\/><\/span><\/p>\n<p align=\"justify\" style=\"margin:0pt;\"><span class=\"Primjer__Primjer\"> imati svoje mi\u0161ljenje, \u010duti ne\u010dije mi\u0161ljenje<\/span><\/p>\n<p> <span class=\"Primjer\"\/> <\/p>\n<p align=\"justify\" style=\"margin:0pt;\"><span class=\"Primjer__Primjer\"> Napi\u0161ite svoje mi\u0161ljenje o pro\u010ditanome tekstu.<\/span><\/p>\n<p align=\"justify\" style=\"margin:0pt;\"><span class=\"Poveznice\"> <a class=\"References\">Isto zna\u010denje ima rije\u010d:  <\/a><a class=\"References\" href=\"..\/stajaliste-ucenici\">stajali\u0161te<\/a> :2<\/span><\/p>\n<p> <span class=\"Lemma__zvuk\"> <a href=\"https:\/\/rjecnik.hr\/mreznik\/wp-content\/uploads\/2021\/mreznik_mediji\/misljenje.mp3\"><img loading=\"lazy\" decoding=\"async\" border=\"0\" height=\"14\" src=\"https:\/\/rjecnik.hr\/mreznik\/wp-content\/uploads\/2021\/05\/Speaker-4.gif\" width=\"16\"\/><\/a><\/span>   <\/p>\n","protected":false},"excerpt":{"rendered":"<p>Mi\u0161ljenje je na\u010din na koji tko razmi\u0161lja o kome ili \u010demu.<\/p>\n","protected":false},"author":1,"featured_media":0,"comment_status":"closed","ping_status":"closed","sticky":false,"template":"","format":"standard","meta":{"footnotes":""},"categories":[37,82],"tags":[],"class_list":["post-129004","post","type-post","status-publish","format-standard","hentry","category-ucenicki","category-ucenicki-m"],"_links":{"self":[{"href":"https:\/\/rjecnik.hr\/mreznik\/wp-json\/wp\/v2\/posts\/129004","targetHints":{"allow":["GET"]}}],"collection":[{"href":"https:\/\/rjecnik.hr\/mreznik\/wp-json\/wp\/v2\/posts"}],"about":[{"href":"https:\/\/rjecnik.hr\/mreznik\/wp-json\/wp\/v2\/types\/post"}],"author":[{"embeddable":true,"href":"https:\/\/rjecnik.hr\/mreznik\/wp-json\/wp\/v2\/users\/1"}],"replies":[{"embeddable":true,"href":"https:\/\/rjecnik.hr\/mreznik\/wp-json\/wp\/v2\/comments?post=129004"}],"version-history":[{"count":1,"href":"https:\/\/rjecnik.hr\/mreznik\/wp-json\/wp\/v2\/posts\/129004\/revisions"}],"predecessor-version":[{"id":129142,"href":"https:\/\/rjecnik.hr\/mreznik\/wp-json\/wp\/v2\/posts\/129004\/revisions\/129142"}],"wp:attachment":[{"href":"https:\/\/rjecnik.hr\/mreznik\/wp-json\/wp\/v2\/media?parent=129004"}],"wp:term":[{"taxonomy":"category","embeddable":true,"href":"https:\/\/rjecnik.hr\/mreznik\/wp-json\/wp\/v2\/categories?post=129004"},{"taxonomy":"post_tag","embeddable":true,"href":"https:\/\/rjecnik.hr\/mreznik\/wp-json\/wp\/v2\/tags?post=129004"}],"curies":[{"name":"wp","href":"https:\/\/api.w.org\/{rel}","templated":true}]}}