{"id":129224,"date":"2025-11-26T10:18:17","date_gmt":"2025-11-26T10:18:17","guid":{"rendered":"https:\/\/rjecnik.hr\/mreznik\/naranca-ucenici\/"},"modified":"2025-11-28T14:19:12","modified_gmt":"2025-11-28T13:19:12","slug":"naranca-ucenici","status":"publish","type":"post","link":"https:\/\/rjecnik.hr\/mreznik\/naranca-ucenici\/","title":{"rendered":"naran\u010da"},"content":{"rendered":"<p align=\"justify\" style=\"margin:4pt 0pt 0pt 5pt;text-indent:-5pt;background-color:#FFFFFF;\"><span class=\"Lemma\"><span class=\"Lemma_Djeca\"> <span class=\"Lemma_Djeca__natuknica\">n<u>a<\/u>ran\u010da<\/span><span class=\"Gramaticki_blok\"><span class=\"Oblici\"> (<span class=\"Oblici__djeca\">n<u>a<\/u>ran\u010de<\/span>)<\/span><\/span> <span class=\"Lemma_Djeca__vrsta_rijeci\">imenica<\/span><\/span><\/span><\/p>\n<p align=\"justify\" style=\"margin:0pt;\"> <span class=\"Lemma_Djeca__slogovi\">Rastavljanje na slogove: na-ran-\u010da<\/span><\/p>\n<p align=\"justify\" style=\"margin:0pt;\"><span class=\"Sense\"> <span class=\"Sense__SenseNumber\">1<\/span> <span class=\"Definicija\"><span class=\"Definicija__definicija\"> Naran\u010da je vazdazelena ju\u017ena vo\u0107ka s okruglastim naran\u010dastim plodom.<\/span><\/span><\/span><\/p>\n<p align=\"justify\" style=\"margin:0pt 0pt 0pt 10pt;\"><span class=\"primjeri\"> <span class=\"Primjer\"\/><\/span><\/p>\n<p align=\"justify\" style=\"margin:0pt;\"><span class=\"Primjer__Primjer\"> cvijet naran\u010de, stablo naran\u010de<\/span><\/p>\n<p align=\"justify\" style=\"margin:0pt;\"><span class=\"Sense\"> <span class=\"Sense__SenseNumber\">2<\/span> <span class=\"Definicija\"><span class=\"Definicija__definicija\"> Naran\u010da je naran\u010dasti ili crveni slatki plod te vo\u0107ke s debelom korom i so\u010dnim mesom.<\/span><\/span><\/span><\/p>\n<p align=\"justify\" style=\"margin:0pt 0pt 0pt 10pt;\"><span class=\"primjeri\"> <span class=\"Primjer\"\/><\/span><\/p>\n<p align=\"justify\" style=\"margin:0pt;\"><span class=\"Primjer__Primjer\"> kri\u0161ke naran\u010de, sok od narana\u010da<\/span><\/p>\n<p> <span class=\"Primjer\"\/> <\/p>\n<p align=\"justify\" style=\"margin:0pt;\"><span class=\"Primjer__Primjer\"> Naran\u010de sadr\u017eavaju mnogo vitamina C.<\/span><\/p>\n<p> <span class=\"Lemma__zvuk\"> <a href=\"https:\/\/rjecnik.hr\/mreznik\/wp-content\/uploads\/2021\/mreznik_mediji\/naran&#x10D;a.mp3\"><img loading=\"lazy\" decoding=\"async\" border=\"0\" height=\"14\" src=\"https:\/\/rjecnik.hr\/mreznik\/wp-content\/uploads\/2021\/05\/Speaker-4.gif\" width=\"16\"\/><\/a><\/span>   <\/p>\n","protected":false},"excerpt":{"rendered":"<p>Naran\u010da je vazdazelena ju\u017ena vo\u0107ka s okruglastim naran\u010dastim plodom.<\/p>\n","protected":false},"author":1,"featured_media":0,"comment_status":"closed","ping_status":"closed","sticky":false,"template":"","format":"standard","meta":{"footnotes":""},"categories":[37,83],"tags":[],"class_list":["post-129224","post","type-post","status-publish","format-standard","hentry","category-ucenicki","category-ucenicki-n"],"_links":{"self":[{"href":"https:\/\/rjecnik.hr\/mreznik\/wp-json\/wp\/v2\/posts\/129224","targetHints":{"allow":["GET"]}}],"collection":[{"href":"https:\/\/rjecnik.hr\/mreznik\/wp-json\/wp\/v2\/posts"}],"about":[{"href":"https:\/\/rjecnik.hr\/mreznik\/wp-json\/wp\/v2\/types\/post"}],"author":[{"embeddable":true,"href":"https:\/\/rjecnik.hr\/mreznik\/wp-json\/wp\/v2\/users\/1"}],"replies":[{"embeddable":true,"href":"https:\/\/rjecnik.hr\/mreznik\/wp-json\/wp\/v2\/comments?post=129224"}],"version-history":[{"count":1,"href":"https:\/\/rjecnik.hr\/mreznik\/wp-json\/wp\/v2\/posts\/129224\/revisions"}],"predecessor-version":[{"id":129322,"href":"https:\/\/rjecnik.hr\/mreznik\/wp-json\/wp\/v2\/posts\/129224\/revisions\/129322"}],"wp:attachment":[{"href":"https:\/\/rjecnik.hr\/mreznik\/wp-json\/wp\/v2\/media?parent=129224"}],"wp:term":[{"taxonomy":"category","embeddable":true,"href":"https:\/\/rjecnik.hr\/mreznik\/wp-json\/wp\/v2\/categories?post=129224"},{"taxonomy":"post_tag","embeddable":true,"href":"https:\/\/rjecnik.hr\/mreznik\/wp-json\/wp\/v2\/tags?post=129224"}],"curies":[{"name":"wp","href":"https:\/\/api.w.org\/{rel}","templated":true}]}}