{"id":129399,"date":"2025-11-26T10:18:20","date_gmt":"2025-11-26T10:18:20","guid":{"rendered":"https:\/\/rjecnik.hr\/mreznik\/njemacki-ucenici\/"},"modified":"2025-11-28T14:19:48","modified_gmt":"2025-11-28T13:19:48","slug":"njemacki-ucenici","status":"publish","type":"post","link":"https:\/\/rjecnik.hr\/mreznik\/njemacki-ucenici\/","title":{"rendered":"njema\u010dki"},"content":{"rendered":"<p align=\"justify\" style=\"margin:4pt 0pt 0pt 5pt;text-indent:-5pt;background-color:#FFFFFF;\"><span class=\"Lemma\"><span class=\"Lemma_Djeca\"> <span class=\"Lemma_Djeca__natuknica\">nj<u>e<\/u>ma\u010dki<\/span> <span class=\"Lemma_Djeca__vrsta_rijeci\">pridjev<\/span><\/span><\/span><\/p>\n<p align=\"justify\" style=\"margin:0pt;\"><span class=\"Sense\"> <span class=\"Sense__SenseNumber\">1<\/span> <span class=\"Definicija\"><span class=\"Definicija__definicija\"> Njema\u010dko je ono \u0161to se odnosi na Nijemce i Njema\u010dku.<\/span><\/span><\/span><\/p>\n<p align=\"justify\" style=\"margin:0pt;\"><span class=\"Sense\"> <span class=\"Sense__SenseNumber\">2<\/span> <span class=\"Definicija\"><span class=\"Definicija__definicija\"> Njema\u010dki je jezik kojim govore Nijemci i Austrijanci.<\/span><\/span><\/span><\/p>\n<p align=\"justify\" style=\"margin:0pt;\"><span class=\"Sense\"> <span class=\"Sense__SenseNumber\">3<\/span> <span class=\"Definicija\"><span class=\"Definicija__definicija\"> Njema\u010dki je \u0161kolski predmet u kojemu se usvajaju osnove tog jezika.<\/span><\/span><\/span><\/p>\n<p align=\"justify\" style=\"margin:0pt;\"><span class=\"Normativna_nap\">\u2022 <span class=\"Normativna_nap__napomena\">Rije\u010d <i>NJEMA\u010cKI<\/i> pi\u0161e se malim po\u010detnim slovom (<i>njema\u010dki<\/i>) kad ozna\u010duje ono \u0161to se odnosi na Njema\u010dku i Nijemce ili jezik koji se govori u Njema\u010dkoj i Austriji, npr. <i>Ivan zna hrvatski, francuski i njema\u010dki<\/i>. Ako izraz <i>NJEMA\u010cKI JEZIK<\/i> ozna\u010duje \u0161kolski predmet, pi\u0161e se velikim po\u010detnim slovom (<i>Njema\u010dki jezik<\/i>). Zato je na svjedod\u017ebama <i>Njema\u010dki jezik<\/i>, kao i svi drugi \u0161kolski predmeti, napisan velikim po\u010detnim slovom.<\/span><\/span><\/p>\n<p> <span class=\"Lemma__zvuk\"> <a href=\"https:\/\/rjecnik.hr\/mreznik\/wp-content\/uploads\/2021\/mreznik_mediji\/njemacki.mp3\"><img loading=\"lazy\" decoding=\"async\" border=\"0\" height=\"14\" src=\"https:\/\/rjecnik.hr\/mreznik\/wp-content\/uploads\/2021\/05\/Speaker-4.gif\" width=\"16\"\/><\/a><\/span>   <\/p>\n","protected":false},"excerpt":{"rendered":"<p>Njema\u010dko je ono \u0161to se odnosi na Nijemce i Njema\u010dku.<\/p>\n","protected":false},"author":1,"featured_media":0,"comment_status":"closed","ping_status":"closed","sticky":false,"template":"","format":"standard","meta":{"footnotes":""},"categories":[37,84],"tags":[],"class_list":["post-129399","post","type-post","status-publish","format-standard","hentry","category-ucenicki","category-ucenicki-nj"],"_links":{"self":[{"href":"https:\/\/rjecnik.hr\/mreznik\/wp-json\/wp\/v2\/posts\/129399","targetHints":{"allow":["GET"]}}],"collection":[{"href":"https:\/\/rjecnik.hr\/mreznik\/wp-json\/wp\/v2\/posts"}],"about":[{"href":"https:\/\/rjecnik.hr\/mreznik\/wp-json\/wp\/v2\/types\/post"}],"author":[{"embeddable":true,"href":"https:\/\/rjecnik.hr\/mreznik\/wp-json\/wp\/v2\/users\/1"}],"replies":[{"embeddable":true,"href":"https:\/\/rjecnik.hr\/mreznik\/wp-json\/wp\/v2\/comments?post=129399"}],"version-history":[{"count":1,"href":"https:\/\/rjecnik.hr\/mreznik\/wp-json\/wp\/v2\/posts\/129399\/revisions"}],"predecessor-version":[{"id":129409,"href":"https:\/\/rjecnik.hr\/mreznik\/wp-json\/wp\/v2\/posts\/129399\/revisions\/129409"}],"wp:attachment":[{"href":"https:\/\/rjecnik.hr\/mreznik\/wp-json\/wp\/v2\/media?parent=129399"}],"wp:term":[{"taxonomy":"category","embeddable":true,"href":"https:\/\/rjecnik.hr\/mreznik\/wp-json\/wp\/v2\/categories?post=129399"},{"taxonomy":"post_tag","embeddable":true,"href":"https:\/\/rjecnik.hr\/mreznik\/wp-json\/wp\/v2\/tags?post=129399"}],"curies":[{"name":"wp","href":"https:\/\/api.w.org\/{rel}","templated":true}]}}