{"id":129711,"date":"2025-12-02T12:31:44","date_gmt":"2025-12-02T12:31:44","guid":{"rendered":"https:\/\/rjecnik.hr\/mreznik\/glava-neizvorni\/"},"modified":"2025-12-02T13:47:55","modified_gmt":"2025-12-02T12:47:55","slug":"glava-neizvorni","status":"publish","type":"post","link":"https:\/\/rjecnik.hr\/mreznik\/glava-neizvorni\/","title":{"rendered":"glava"},"content":{"rendered":"<p align=\"justify\" style=\"margin:4pt 0pt 0pt 5pt;text-indent:-5pt;background-color:#FFFFFF;\"><span class=\"Lemma\"> <span class=\"Lemma__slika\"><img decoding=\"async\" border=\"0\" class=\"galerija\" src=\"https:\/\/rjecnik.hr\/mreznik\/wp-content\/uploads\/2021\/mreznik_mediji\/glava.jpg\"\/><\/span><span class=\"Lemma_Stranci\"> <span class=\"Lemma_Stranci__natuknica\">gl<u>a<\/u>va<\/span> <span class=\"Lemma_Stranci__vrsta_rijeci\">im. \u017e.<\/span><span class=\"Gramaticki_blok\"><span class=\"Oblici\"> (<span class=\"Oblici__naglaseni\">G glave, D glavi, A glavu, L o glavi, I s glavom; <i>mn.<\/i> N glave, G glava, D glavama, A glave, L o glavama, I s glavama<\/span>)<\/span><\/span><\/span><\/span><\/p>\n<p align=\"justify\" style=\"margin:0pt;\"><span class=\"Sense\"><span class=\"Definicija\"><span class=\"Definicija__definicija\"> Glava je dio tijela koji se nalazi na vratu i u kojem je mozak.<\/span><\/span><\/span><\/p>\n<p align=\"justify\" style=\"margin:0pt 0pt 0pt 10pt;\"><span class=\"primjeri\"> <span class=\"Primjer\"\/><\/span><\/p>\n<p align=\"justify\" style=\"margin:0pt;\"><span class=\"Primjer__Primjer\"> &#8211; Hrvoje je pao u kupaonici i ozlijedio glavu.<\/span><\/p>\n<p> <span class=\"Primjer\"\/> <\/p>\n<p align=\"justify\" style=\"margin:0pt;\"><span class=\"Primjer__Primjer\"> &#8211; Ana je pogladila Petra po glavi.<\/span><\/p>\n<p> <span class=\"Primjer\"\/> <\/p>\n<p align=\"justify\" style=\"margin:0pt;\"><span class=\"Primjer__Primjer\"> &#8211; Na glavi je imala elegantan \u0161e\u0161ir.<\/span><\/p>\n<p> <span class=\"Frazemi\">frazem: <span class=\"Frazemi__frazem\">bez glave i repa<\/span><\/span> <\/p>\n<p align=\"justify\" style=\"margin:0pt;\"><span class=\"Sense\"><span class=\"Definicija\"><span class=\"Definicija__definicija\"> Bez glave i repa zna\u010di nejasan, neorganiziran ili nejasno, neorganizirano.<\/span><\/span><\/span><\/p>\n<p align=\"justify\" style=\"margin:0pt 0pt 0pt 10pt;\"><span class=\"primjeri\"> <span class=\"Primjer\"\/><\/span><\/p>\n<p align=\"justify\" style=\"margin:0pt;\"><span class=\"Primjer__Primjer\"> &#8211; Petrova je zada\u0107a bez glave i repa.<\/span><\/p>\n<p> <span class=\"Primjer\"\/> <\/p>\n<p align=\"justify\" style=\"margin:0pt;\"><span class=\"Primjer__Primjer\"> &#8211; Smiri se i lijepo mi sve ispri\u010daj, nemoj pri\u010dati bez glave i repa!<\/span><\/p>\n<p> <span class=\"Frazemi\">frazem: <span class=\"Frazemi__frazem\">Glavu gore!<\/span><\/span> <\/p>\n<p align=\"justify\" style=\"margin:0pt;\"><span class=\"Sense\"><span class=\"Definicija\"><span class=\"Definicija__definicija\"> Glavu gore! poziv je da tko nastavi dalje unato\u010d nekom lo\u0161em doga\u0111aju.<\/span><\/span><\/span><\/p>\n<p align=\"justify\" style=\"margin:0pt 0pt 0pt 10pt;\"><span class=\"primjeri\"> <span class=\"Primjer\"\/><\/span><\/p>\n<p align=\"justify\" style=\"margin:0pt;\"><span class=\"Primjer__Primjer\"> &#8211; Glavu gore, nije svijet propao!<\/span><\/p>\n<p> <span class=\"Primjer\"\/> <\/p>\n<p align=\"justify\" style=\"margin:0pt;\"><span class=\"Primjer__Primjer\"> &#8211; Glavu gore, bit \u0107e sve u redu!<\/span><\/p>\n<p> <span class=\"Frazemi\">frazem: <span class=\"Frazemi__frazem\">misliti svojom glavom<\/span><\/span> <\/p>\n<p align=\"justify\" style=\"margin:0pt;\"><span class=\"Sense\"><span class=\"Definicija\"><span class=\"Definicija__definicija\"> Misliti svojom glavom zna\u010di sam donositi odluke i ne padati pod tu\u0111i utjecaj.<\/span><\/span><\/span><\/p>\n<p align=\"justify\" style=\"margin:0pt 0pt 0pt 10pt;\"><span class=\"primjeri\"> <span class=\"Primjer\"\/><\/span><\/p>\n<p align=\"justify\" style=\"margin:0pt;\"><span class=\"Primjer__Primjer\"> &#8211; Mama mi je uvijek govorila da moram misliti svojom glavom.<\/span><\/p>\n<p> <span class=\"Primjer\"\/> <\/p>\n<p align=\"justify\" style=\"margin:0pt;\"><span class=\"Primjer__Primjer\"> &#8211; Ne slu\u0161aj uvijek Katarinu, po\u010dni misliti svojom glavom!<\/span><\/p>\n<p> <span class=\"Frazemi\">frazem: <span class=\"Frazemi__frazem\">pobje\u0107i glavom bez obzira <\/span><\/span> <\/p>\n<p align=\"justify\" style=\"margin:0pt;\"><span class=\"Sense\"><span class=\"Definicija\"><span class=\"Definicija__definicija\"> Pobje\u0107i glavom bez obzira zna\u010di pobje\u0107i velikom brzinom i bez okretanja, obi\u010dno u panici ili strahu.<\/span><\/span><\/span><\/p>\n<p align=\"justify\" style=\"margin:0pt 0pt 0pt 10pt;\"><span class=\"primjeri\"> <span class=\"Primjer\"\/><\/span><\/p>\n<p align=\"justify\" style=\"margin:0pt;\"><span class=\"Primjer__Primjer\"> &#8211; Kad je vidio da dolaze Ivan i Petar, Nikola je pobjegao glavom bez obzira.<\/span><\/p>\n<p> <span class=\"Primjer\"\/> <\/p>\n<p align=\"justify\" style=\"margin:0pt;\"><span class=\"Primjer__Primjer\"> &#8211; Pas se upla\u0161io vlaka i po\u010deo tr\u010dati prema ku\u0107i glavom bez obzira.<\/span><\/p>\n<p> <span class=\"Lemma__zvuk\"> <a href=\"https:\/\/rjecnik.hr\/mreznik\/wp-content\/uploads\/2021\/mreznik_mediji\/glava.mp3\"><img loading=\"lazy\" decoding=\"async\" border=\"0\" height=\"14\" src=\"https:\/\/rjecnik.hr\/mreznik\/wp-content\/uploads\/2021\/05\/Speaker-4.gif\" width=\"16\"\/><\/a><\/span>   <\/p>\n","protected":false},"excerpt":{"rendered":"<p>Glava je dio tijela koji se nalazi na vratu i u kojem je mozak.<\/p>\n","protected":false},"author":1,"featured_media":0,"comment_status":"closed","ping_status":"closed","sticky":false,"template":"","format":"standard","meta":{"footnotes":""},"categories":[119,130],"tags":[],"class_list":["post-129711","post","type-post","status-publish","format-standard","hentry","category-neizvorni","category-neizvorni-g"],"_links":{"self":[{"href":"https:\/\/rjecnik.hr\/mreznik\/wp-json\/wp\/v2\/posts\/129711","targetHints":{"allow":["GET"]}}],"collection":[{"href":"https:\/\/rjecnik.hr\/mreznik\/wp-json\/wp\/v2\/posts"}],"about":[{"href":"https:\/\/rjecnik.hr\/mreznik\/wp-json\/wp\/v2\/types\/post"}],"author":[{"embeddable":true,"href":"https:\/\/rjecnik.hr\/mreznik\/wp-json\/wp\/v2\/users\/1"}],"replies":[{"embeddable":true,"href":"https:\/\/rjecnik.hr\/mreznik\/wp-json\/wp\/v2\/comments?post=129711"}],"version-history":[{"count":1,"href":"https:\/\/rjecnik.hr\/mreznik\/wp-json\/wp\/v2\/posts\/129711\/revisions"}],"predecessor-version":[{"id":129740,"href":"https:\/\/rjecnik.hr\/mreznik\/wp-json\/wp\/v2\/posts\/129711\/revisions\/129740"}],"wp:attachment":[{"href":"https:\/\/rjecnik.hr\/mreznik\/wp-json\/wp\/v2\/media?parent=129711"}],"wp:term":[{"taxonomy":"category","embeddable":true,"href":"https:\/\/rjecnik.hr\/mreznik\/wp-json\/wp\/v2\/categories?post=129711"},{"taxonomy":"post_tag","embeddable":true,"href":"https:\/\/rjecnik.hr\/mreznik\/wp-json\/wp\/v2\/tags?post=129711"}],"curies":[{"name":"wp","href":"https:\/\/api.w.org\/{rel}","templated":true}]}}